{"id":129422,"date":"2026-01-08T10:42:07","date_gmt":"2026-01-08T10:42:07","guid":{"rendered":"https:\/\/www.europesays.com\/se\/129422\/"},"modified":"2026-01-08T10:42:07","modified_gmt":"2026-01-08T10:42:07","slug":"folk-vill-skapa-politik-av-allting-2","status":"publish","type":"post","link":"https:\/\/www.europesays.com\/se\/129422\/","title":{"rendered":"Folk vill skapa politik av allting"},"content":{"rendered":"<p data-testid=\"lead\" itemprop=\"description\">Efter uppm\u00e4rksammade Facebook-inl\u00e4gget \u2022 \u201dJag har sagt det jag vill s\u00e4ga\u201d<\/p>\n<p class=\"sc-c25743f0-0 sc-e37c0145-2 hObFds DQgPn\">Gina Dirawi \u00e4r tillsammans med Hampus Nessvold programledare f\u00f6r Melodifestivalen i \u00e5r, som inleds i Link\u00f6ping den 31 januari.<\/p>\n<p class=\"sc-c25743f0-0 sc-e37c0145-2 hObFds DQgPn\">Under annandagen skrev Gira Dirawi ett Facebook-inl\u00e4gg d\u00e4r hon f\u00f6rklarade varf\u00f6r hon tackat ja till att leda den svenska t\u00e4vlingen samtidigt som Israel, som anklagas f\u00f6r krigsbrott i Gaza, till\u00e5ts t\u00e4vla i Eurovision Song Contest.<\/p>\n<p class=\"sc-c25743f0-0 sc-e37c0145-2 hObFds DQgPn\">Gina Dirawi \u00e4r f\u00f6dd och uppvuxen i Sundsvall, med palestinska f\u00f6r\u00e4ldrar fr\u00e5n Libanon.<\/p>\n<p>\u201dAnsvar att ber\u00e4tta\u201d<\/p>\n<p class=\"sc-c25743f0-0 sc-e37c0145-2 hObFds DQgPn\">\u201dJag ska vara tydlig: jag har inte tackat ja till Eurovision. Jag har tackat ja till att leda den svenska Melodifestivalen. Jag f\u00f6rst\u00e5r kritiken\u201d, skrev hon.<\/p>\n<p class=\"sc-c25743f0-0 sc-e37c0145-2 hObFds DQgPn\">\u2013 N\u00e4r nyheten kom ut om att vi skulle leda Mellon s\u00e5 fick vi extremt mycket fina kommentarer. Men sen kom ju den h\u00e4r kritiken och folk hade starka \u00e5sikter. Jag k\u00e4nde att jag \u00e4nd\u00e5 hade ett ansvar att ber\u00e4tta en del om varf\u00f6r jag g\u00f6r det, s\u00e4ger Dirawi till TT. <\/p>\n<p class=\"sc-c25743f0-0 sc-e37c0145-2 hObFds DQgPn\">Men hur ser du p\u00e5 kritiken mot att Israel f\u00e5r vara med i Eurovision?<\/p>\n<p class=\"sc-c25743f0-0 sc-e37c0145-2 hObFds DQgPn\">\u2013Allts\u00e5 allt som jag ville s\u00e4ga kring det har jag redan sagt, s\u00e4ger hon.<\/p>\n<p class=\"sc-c25743f0-0 sc-e37c0145-2 hObFds DQgPn\">SVT har f\u00e5tt kritik f\u00f6r att tv-bolaget inte vill g\u00f6ra ett politiskt st\u00e4llningstagande i Israelfr\u00e5gan, att det i sig \u00e4r ett politiskt st\u00e4llningstagande?<\/p>\n<p class=\"sc-c25743f0-0 sc-e37c0145-2 hObFds DQgPn\">\u2013 Allt som jag har velat s\u00e4ga har jag redan sagt i mitt inl\u00e4gg.  <\/p>\n<p class=\"sc-c25743f0-0 sc-e37c0145-2 hObFds DQgPn\">N\u00e4r Gina Dirawi gjorde sitt inl\u00e4gg i sociala medier fick hon kritik fr\u00e5n Melodifestivalens projektledare Anders Wistbacka f\u00f6r att hon pratade politik som programledare f\u00f6r programmet. <\/p>\n<p class=\"sc-c25743f0-0 sc-e37c0145-2 hObFds DQgPn\">\u2013 Han f\u00e5r ha sina \u00e5sikter, det har alla r\u00e4tt till. Men jag har sagt det jag vill s\u00e4ga.<\/p>\n<p>\u201dTror att jag \u00e4r van&#8221;<\/p>\n<p class=\"sc-c25743f0-0 sc-e37c0145-2 hObFds DQgPn\">Nu f\u00f6rklarar Gina Dirawi att hon som frilansmedarbetare inf\u00f6r ett kommande program omfattas av de regler som inneb\u00e4r att hon inte kan uttala sig mer.<\/p>\n<p class=\"sc-c25743f0-0 sc-e37c0145-2 hObFds DQgPn\">Men hur ser du p\u00e5 att allt blir politik och att alla f\u00f6rv\u00e4ntas ha \u00e5sikter? <\/p>\n<p class=\"sc-c25743f0-0 sc-e37c0145-2 hObFds DQgPn\">\u2013 Jag tror att jag \u00e4r s\u00e5 van. Jag \u00e4r van att folk k\u00e4nner mycket saker. Jag vet ju varf\u00f6r jag g\u00f6r saker. Jag vet att jag har en bra avsikt. Jag vill att folk ska m\u00e5 bra. Det \u00e4r d\u00e4rf\u00f6r jag \u00e4r med i det h\u00e4r programmet. Jag vill sprida ljus och jag vill sprida gl\u00e4dje.<\/p>\n<p class=\"sc-c25743f0-0 sc-e37c0145-2 hObFds DQgPn\">\u2013 Nu \u00e4r vi h\u00e4r. Vi ska g\u00f6ra ett Mello f\u00f6r alla. Vi har lagt extremt mycket tid och k\u00e4rlek p\u00e5 att folk ska k\u00e4nna det. Och jag tror att n\u00e4r vi v\u00e4l \u00e4r i s\u00e4ndning s\u00e5 kommer folk att se det.<\/p>\n","protected":false},"excerpt":{"rendered":"Efter uppm\u00e4rksammade Facebook-inl\u00e4gget \u2022 \u201dJag har sagt det jag vill s\u00e4ga\u201d Gina Dirawi \u00e4r tillsammans med Hampus Nessvold&hellip;\n","protected":false},"author":2,"featured_media":129423,"comment_status":"","ping_status":"","sticky":false,"template":"","format":"standard","meta":{"footnotes":""},"categories":[67],"tags":[104,34,31,33,32,30,105],"class_list":{"0":"post-129422","1":"post","2":"type-post","3":"status-publish","4":"format-standard","5":"has-post-thumbnail","7":"category-underhallning","8":"tag-entertainment","9":"tag-se","10":"tag-svenska","11":"tag-sverige","12":"tag-sweden","13":"tag-swedish","14":"tag-underhallning"},"share_on_mastodon":{"url":"https:\/\/pubeurope.com\/@se\/115859065704515441","error":""},"_links":{"self":[{"href":"https:\/\/www.europesays.com\/se\/wp-json\/wp\/v2\/posts\/129422","targetHints":{"allow":["GET"]}}],"collection":[{"href":"https:\/\/www.europesays.com\/se\/wp-json\/wp\/v2\/posts"}],"about":[{"href":"https:\/\/www.europesays.com\/se\/wp-json\/wp\/v2\/types\/post"}],"author":[{"embeddable":true,"href":"https:\/\/www.europesays.com\/se\/wp-json\/wp\/v2\/users\/2"}],"replies":[{"embeddable":true,"href":"https:\/\/www.europesays.com\/se\/wp-json\/wp\/v2\/comments?post=129422"}],"version-history":[{"count":0,"href":"https:\/\/www.europesays.com\/se\/wp-json\/wp\/v2\/posts\/129422\/revisions"}],"wp:featuredmedia":[{"embeddable":true,"href":"https:\/\/www.europesays.com\/se\/wp-json\/wp\/v2\/media\/129423"}],"wp:attachment":[{"href":"https:\/\/www.europesays.com\/se\/wp-json\/wp\/v2\/media?parent=129422"}],"wp:term":[{"taxonomy":"category","embeddable":true,"href":"https:\/\/www.europesays.com\/se\/wp-json\/wp\/v2\/categories?post=129422"},{"taxonomy":"post_tag","embeddable":true,"href":"https:\/\/www.europesays.com\/se\/wp-json\/wp\/v2\/tags?post=129422"}],"curies":[{"name":"wp","href":"https:\/\/api.w.org\/{rel}","templated":true}]}}