{"id":129430,"date":"2026-01-08T10:46:23","date_gmt":"2026-01-08T10:46:23","guid":{"rendered":"https:\/\/www.europesays.com\/se\/129430\/"},"modified":"2026-01-08T10:46:23","modified_gmt":"2026-01-08T10:46:23","slug":"region-vasternorrland-tar-over-europa-direkt","status":"publish","type":"post","link":"https:\/\/www.europesays.com\/se\/129430\/","title":{"rendered":"Region V\u00e4sternorrland tar \u00f6ver Europa Direkt"},"content":{"rendered":"<p>Del av nytt Europa Direkt-n\u00e4tverk 2026\u20132030<\/p>\n<p class=\"normal\">Europa Direkt-kontoret i V\u00e4sternorrland ing\u00e5r i det nya Europa Direkt-n\u00e4tverket f\u00f6r perioden 2026\u20132030, d\u00e4r EU-kommissionen samfinansierar 15 kontor i Sverige med 50 000 euro per \u00e5r och kontor. Satsningen \u00e4r en del av EU-kommissionens ambition att st\u00e4rka de lokala informationskontoren och n\u00e5 ut bredare i hela landet med kunskap om hur EU fungerar i praktiken och hur europeiska beslut p\u00e5verkar vardagen. Totalt kommer drygt 400 Europa Direkt-kontor att finnas runt om i EU under perioden. Kontoren f\u00e5r st\u00f6d i form av utbildning och samverkar med bland annat myndigheter och andra lokala akt\u00f6rer f\u00f6r att \u00f6ka kunskapen om EU, stimulera till dialog och st\u00e4rka engagemanget f\u00f6r det europeiska samarbetet.<\/p>\n<p>Brett utbud av aktiviteter under 2026<\/p>\n<p class=\"normal\">Under 2026 planerar Europa Direkt flera aktiviteter runt om i l\u00e4net. Bland annat genomf\u00f6rs pop up-tr\u00e4ffar i l\u00e4nets kommuner i form av demokratifika f\u00f6r att uppm\u00e4rksamma aktuella EU-fr\u00e5gor. I samband med Europadagen den 9 maj finns ocks\u00e5 m\u00f6jlighet f\u00f6r f\u00f6reningar som arbetar f\u00f6r europeisk m\u00e5ngfald att bli tilldelade en EU-fana.<\/p>\n<p class=\"normal\">Arbetet med unga och demokrati \u00e4r en s\u00e4rskilt viktig del. Europa Direkt V\u00e4sternorrland arrangerar demokrativerkst\u00e4der inom ramen f\u00f6r EU:s ungdomsdialog f\u00f6r att unga i V\u00e4sternorrland ska f\u00e5 m\u00f6jlighet att g\u00f6ra sina r\u00f6ster h\u00f6rda p\u00e5 EU-niv\u00e5. Tillsammans med Europa Direkt Norrbotten och V\u00e4sterbotten medverkar kontoret \u00e4ven i Europaforum med fokus p\u00e5 unga och demokrati i Kiruna.<\/p>\n<p class=\"normal\">Under \u00e5ret genomf\u00f6rs ocks\u00e5 kampanjveckan WEEK17 p\u00e5 bibliotek runt om i regionen f\u00f6r att lyfta Agenda 2030, i samarbete med bland andra L\u00e4nsstyrelsen V\u00e4sternorrland och H\u00e4rn\u00f6sands kommun. Unga mellan 16 och 30 \u00e5r ges m\u00f6jlighet att delta i poesit\u00e4vlingen under litteraturfestivalen Mittlitt, d\u00e4r f\u00f6rstapriset \u00e4r ett Interrail-kort. Dessutom deltar Europa Direkt i European Mobility Week genom regional spridning av kampanjen samt utdelning av sadelskydd till cyklister och b\u00f6cker till t\u00e5gpendlare.<\/p>\n","protected":false},"excerpt":{"rendered":"Del av nytt Europa Direkt-n\u00e4tverk 2026\u20132030 Europa Direkt-kontoret i V\u00e4sternorrland ing\u00e5r i det nya Europa Direkt-n\u00e4tverket f\u00f6r perioden&hellip;\n","protected":false},"author":2,"featured_media":129431,"comment_status":"","ping_status":"","sticky":false,"template":"","format":"standard","meta":{"footnotes":""},"categories":[12],"tags":[22,23,73,3454,26,27,13305,17,21,9682,24,25,28,29,15,16,13304,18,34,31,33,32,30,19,20],"class_list":{"0":"post-129430","1":"post","2":"type-post","3":"status-publish","4":"format-standard","5":"has-post-thumbnail","7":"category-sverige","8":"tag-breaking-news","9":"tag-breakingnews","10":"tag-eu","11":"tag-europa-direkt","12":"tag-featured-news","13":"tag-featurednews","14":"tag-harnosands-kommun","15":"tag-headlines","16":"tag-huvudnyheter","17":"tag-kontor","18":"tag-latest-news","19":"tag-latestnews","20":"tag-main-news","21":"tag-mainnews","22":"tag-news","23":"tag-nyheter","24":"tag-region-vasternorrland","25":"tag-rubriker","26":"tag-se","27":"tag-svenska","28":"tag-sverige","29":"tag-sweden","30":"tag-swedish","31":"tag-top-stories","32":"tag-topstories"},"share_on_mastodon":{"url":"https:\/\/pubeurope.com\/@se\/115859081345492342","error":""},"_links":{"self":[{"href":"https:\/\/www.europesays.com\/se\/wp-json\/wp\/v2\/posts\/129430","targetHints":{"allow":["GET"]}}],"collection":[{"href":"https:\/\/www.europesays.com\/se\/wp-json\/wp\/v2\/posts"}],"about":[{"href":"https:\/\/www.europesays.com\/se\/wp-json\/wp\/v2\/types\/post"}],"author":[{"embeddable":true,"href":"https:\/\/www.europesays.com\/se\/wp-json\/wp\/v2\/users\/2"}],"replies":[{"embeddable":true,"href":"https:\/\/www.europesays.com\/se\/wp-json\/wp\/v2\/comments?post=129430"}],"version-history":[{"count":0,"href":"https:\/\/www.europesays.com\/se\/wp-json\/wp\/v2\/posts\/129430\/revisions"}],"wp:featuredmedia":[{"embeddable":true,"href":"https:\/\/www.europesays.com\/se\/wp-json\/wp\/v2\/media\/129431"}],"wp:attachment":[{"href":"https:\/\/www.europesays.com\/se\/wp-json\/wp\/v2\/media?parent=129430"}],"wp:term":[{"taxonomy":"category","embeddable":true,"href":"https:\/\/www.europesays.com\/se\/wp-json\/wp\/v2\/categories?post=129430"},{"taxonomy":"post_tag","embeddable":true,"href":"https:\/\/www.europesays.com\/se\/wp-json\/wp\/v2\/tags?post=129430"}],"curies":[{"name":"wp","href":"https:\/\/api.w.org\/{rel}","templated":true}]}}