{"id":129436,"date":"2026-01-08T10:50:29","date_gmt":"2026-01-08T10:50:29","guid":{"rendered":"https:\/\/www.europesays.com\/se\/129436\/"},"modified":"2026-01-08T10:50:29","modified_gmt":"2026-01-08T10:50:29","slug":"fran-brevskrivare-till-bonde-tv4-hyr-gard-till-kerstin","status":"publish","type":"post","link":"https:\/\/www.europesays.com\/se\/129436\/","title":{"rendered":"Fr\u00e5n brevskrivare till bonde \u2013 TV4 hyr g\u00e5rd till Kerstin"},"content":{"rendered":"<p data-testid=\"lead\" itemprop=\"description\">TV4 hyr g\u00e5rd \u2022 \u201dForts\u00e4tta sprida k\u00e4rlek samtidigt som vi beh\u00e5ller programmets hj\u00e4rta\u201d<\/p>\n<p class=\"sc-c25743f0-0 sc-e37c0145-2 hObFds DQgPn\">Precis som Ellinor Eke-G\u00f6ransson, som medverkade i den f\u00f6rsta s\u00e4songen av spinoffen \u201dBonde s\u00f6ker fru \u2013 Andra sommaren\u201d, d\u00e4r tidigare deltagare f\u00e5r en ny chans att hitta k\u00e4rleken, har Kerstin Sommarbris g\u00e5tt fr\u00e5n att vara brevskrivare till att bli en av b\u00f6nderna som s\u00f6ker k\u00e4rleken.<\/p>\n<p class=\"sc-c25743f0-0 sc-e37c0145-2 hObFds DQgPn\">\u2013 Efter att den f\u00f6rsta serien jag medverkade i var slut, fr\u00e5gade produktionen om jag ville vara med igen. D\u00e5 tackade jag ganska snabbt ja, eftersom jag inte hittade k\u00e4rleken den g\u00e5ngen, s\u00e4ger Kerstin Sommarbris till TV4 Nyheterna.<\/p>\n<p class=\"sc-c25743f0-0 sc-e37c0145-2 hObFds DQgPn\">Vad det var som gjorde att produktionen s\u00e5 snabbt f\u00f6ll f\u00f6r henne, att ta med en tidigare brevskrivare som huvudperson i den popul\u00e4ra serien, vet hon inte riktigt. <\/p>\n<p class=\"sc-c25743f0-0 sc-e37c0145-2 hObFds DQgPn\">\u2013 Jag vet inte, jag \u00e4r lite spontan. Jag tyckte faktiskt att det var roligt att f\u00e5 fr\u00e5gan, ocks\u00e5 eftersom jag f\u00e5r representera kvinnor i min \u00e5lder. Oftast \u00e4r det ju 30\u201340-\u00e5ringar, g\u00e4rna m\u00e4n, som \u00e4r med. Det har v\u00e4l aldrig varit n\u00e5gon kvinna i min \u00e5lder. Jag tyckte att det \u00e4r roligt, s\u00e4ger hon.<\/p>\n<p>Det g\u00f6r Kerstin Sommarbris till vardags<\/p>\n<p class=\"sc-c25743f0-0 sc-e37c0145-2 hObFds DQgPn\">Till skillnad fr\u00e5n de tre andra deltagarna som s\u00f6ker k\u00e4rleken i programmet arbetar inte Kerstin Sommarbris som bonde. I st\u00e4llet driver hon en pedagogisk verksamhet.<\/p>\n<p class=\"sc-c25743f0-0 sc-e37c0145-2 hObFds DQgPn\">\u2013 Samtidigt h\u00e5ller jag p\u00e5 att starta upp en community f\u00f6r kvinnor 40, 50 till 60 plus, d\u00e4r de kan m\u00f6tas och f\u00e5 nya v\u00e4nner, s\u00e4ger hon.<\/p>\n<p class=\"sc-c25743f0-0 sc-e37c0145-2 hObFds DQgPn\">F\u00f6r TV4 Nyheterna ber\u00e4ttar Kerstin Sommarbris att TV4 hyrde en g\u00e5rd till henne.<\/p>\n<p class=\"sc-c25743f0-0 sc-e37c0145-2 hObFds DQgPn\">\u2013 Jag t\u00e4nkte: \u201d\u00c5h, hur ska det d\u00e4r bli d\u00e5?\u201d Jag \u00e4r v\u00e4ldigt beroende av att det ska k\u00e4nnas bra. Men n\u00e4r jag fick se det, det ligger ju ute p\u00e5 landet, och n\u00e4r jag gick in d\u00e4r, d\u00e5 k\u00e4nde jag direkt att h\u00e4r skulle jag kunna bo. Det var helt perfekt. S\u00e5 det var v\u00e4ldigt sk\u00f6nt, d\u00e5 kunde jag vila i det i alla fall.<\/p>\n<p class=\"sc-c25743f0-0 sc-e37c0145-2 hObFds DQgPn\">Efter att programmet spelats in hade Kerstin Sommarbris sv\u00e5rt att l\u00e4mna g\u00e5rden. Trots att alla vet att hon tidigare varit brevskrivare, rustar hon sig nu f\u00f6r kommentarer om att den som s\u00f6ker k\u00e4rlek i programmet borde bo p\u00e5 en g\u00e5rd.<\/p>\n<p class=\"sc-c25743f0-0 sc-e37c0145-2 hObFds DQgPn\">\u2013 Jag f\u00f6rst\u00e5r ju nu att jag f\u00e5r ta fram \u201dninjan\u201d i mig, f\u00f6r nu kommer kommentarerna. Det finns de som irriterar sig p\u00e5 det. Gjorde d\u00e5 och g\u00f6r nu. Och det kan vara allt m\u00f6jligt \u2013 fel frisyr, en del som tycker saker om allt. Men jag har varit med s\u00e5 l\u00e4nge och har ganska mycket erfarenhet.<\/p>\n<p>Kerstins g\u00e5rd i Bonde s\u00f6ker fru<\/p>\n<p class=\"sc-c25743f0-0 sc-e37c0145-2 hObFds DQgPn\">Clara Tengbom, exekutiv producent f\u00f6r Bonde s\u00f6ker fru, s\u00e4ger till TV4 Nyheterna att det b\u00e5de kan vara b\u00f6nder och brevskrivare fr\u00e5n tidigare s\u00e4songer som ges en ny chans att hitta k\u00e4rleken i programmet.<\/p>\n<p class=\"sc-c25743f0-0 sc-e37c0145-2 hObFds DQgPn\">\u2013 Vi ser det som ett s\u00e4tt att forts\u00e4tta sprida k\u00e4rlek och skapa fina ber\u00e4ttelser, samtidigt som vi beh\u00e5ller programmets hj\u00e4rta \u2013 m\u00f6ten mellan m\u00e4nniskor med en koppling till lantlivet, s\u00e4ger Clara Tengbom.<\/p>\n<p class=\"sc-c25743f0-0 sc-e37c0145-2 hObFds DQgPn\">G\u00e5rden som Kerstin Sommarbris och hennes brevskrivare bor p\u00e5 \u00e4r en h\u00e4stg\u00e5rd.<\/p>\n<p class=\"sc-c25743f0-0 sc-e37c0145-2 hObFds DQgPn\">\u2013 Den ligger i M\u00e4lardalen, mellan Enk\u00f6ping och B\u00e5lsta och har inte synts i Bonde s\u00f6ker fru tidigare, s\u00e4ger Clara Tengbom.<\/p>\n","protected":false},"excerpt":{"rendered":"TV4 hyr g\u00e5rd \u2022 \u201dForts\u00e4tta sprida k\u00e4rlek samtidigt som vi beh\u00e5ller programmets hj\u00e4rta\u201d Precis som Ellinor Eke-G\u00f6ransson, som&hellip;\n","protected":false},"author":2,"featured_media":129437,"comment_status":"","ping_status":"","sticky":false,"template":"","format":"standard","meta":{"footnotes":""},"categories":[67],"tags":[104,34,31,33,32,30,105],"class_list":{"0":"post-129436","1":"post","2":"type-post","3":"status-publish","4":"format-standard","5":"has-post-thumbnail","7":"category-underhallning","8":"tag-entertainment","9":"tag-se","10":"tag-svenska","11":"tag-sverige","12":"tag-sweden","13":"tag-swedish","14":"tag-underhallning"},"share_on_mastodon":{"url":"https:\/\/pubeurope.com\/@se\/115859097005577328","error":""},"_links":{"self":[{"href":"https:\/\/www.europesays.com\/se\/wp-json\/wp\/v2\/posts\/129436","targetHints":{"allow":["GET"]}}],"collection":[{"href":"https:\/\/www.europesays.com\/se\/wp-json\/wp\/v2\/posts"}],"about":[{"href":"https:\/\/www.europesays.com\/se\/wp-json\/wp\/v2\/types\/post"}],"author":[{"embeddable":true,"href":"https:\/\/www.europesays.com\/se\/wp-json\/wp\/v2\/users\/2"}],"replies":[{"embeddable":true,"href":"https:\/\/www.europesays.com\/se\/wp-json\/wp\/v2\/comments?post=129436"}],"version-history":[{"count":0,"href":"https:\/\/www.europesays.com\/se\/wp-json\/wp\/v2\/posts\/129436\/revisions"}],"wp:featuredmedia":[{"embeddable":true,"href":"https:\/\/www.europesays.com\/se\/wp-json\/wp\/v2\/media\/129437"}],"wp:attachment":[{"href":"https:\/\/www.europesays.com\/se\/wp-json\/wp\/v2\/media?parent=129436"}],"wp:term":[{"taxonomy":"category","embeddable":true,"href":"https:\/\/www.europesays.com\/se\/wp-json\/wp\/v2\/categories?post=129436"},{"taxonomy":"post_tag","embeddable":true,"href":"https:\/\/www.europesays.com\/se\/wp-json\/wp\/v2\/tags?post=129436"}],"curies":[{"name":"wp","href":"https:\/\/api.w.org\/{rel}","templated":true}]}}