{"id":129480,"date":"2026-01-08T11:24:07","date_gmt":"2026-01-08T11:24:07","guid":{"rendered":"https:\/\/www.europesays.com\/se\/129480\/"},"modified":"2026-01-08T11:24:07","modified_gmt":"2026-01-08T11:24:07","slug":"lenovo-visar-framtiden-pa-ces-2026-personlig-ai-nya-koncept-och-smartare-enheter","status":"publish","type":"post","link":"https:\/\/www.europesays.com\/se\/129480\/","title":{"rendered":"Lenovo visar framtiden p\u00e5 CES 2026 &#8211; personlig AI, nya koncept och smartare enheter"},"content":{"rendered":"<p class=\"p1\"><strong>Lenovo<\/strong> gick all in p\u00e5 <strong>CES 2026<\/strong> och visade upp hur framtidens tech ska se ut, med personlig AI, nya formfaktorer och uppdaterade produkter inom allt fr\u00e5n laptops och gaming till mobiler och jobbverktyg.<\/p>\n<p>Qira \u2013 Lenovos nya AI-superagent<\/p>\n<p class=\"p1\">Den stora nyheten heter <strong>Qira<\/strong>. Det \u00e4r Lenovos och Motorolas nya personliga AI-system som funkar \u00f6ver flera enheter, dator, mobil, surfplatta och wearables. Tanken \u00e4r att du ska kunna b\u00f6rja n\u00e5got p\u00e5 en enhet och forts\u00e4tta p\u00e5 en annan, utan kr\u00e5ngel.<\/p>\n<p class=\"p1\">Qira jobbar i bakgrunden, plockar upp sammanhang och hj\u00e4lper dig n\u00e4r du beh\u00f6ver, oavsett om det g\u00e4ller jobb, kreativt skapande eller vardagssysslor. Allt styrs av anv\u00e4ndaren, med fokus p\u00e5 kontroll och integritet.<\/p>\n<p>Motorola + AI = smartare mobiler<\/p>\n<p class=\"p1\">Motorola passade ocks\u00e5 p\u00e5 att visa upp nya flaggskeppstelefoner med inbyggd AI som ska g\u00f6ra allt fr\u00e5n foto till multitasking smidigare. Dessutom visade deras 312 Labs-team upp tidiga koncept p\u00e5 framtida AI-kompanjoner, allts\u00e5 enheter som f\u00f6rst\u00e5r din vardag och hj\u00e4lper till i realtid.<\/p>\n<p>Koncept som blickar fram\u00e5t<\/p>\n<p class=\"p1\">Lenovo visade \u00e4ven flera proof-of-concept-produkter, bland annat:<\/p>\n<ul>\n<li class=\"p1\">ThinkPad Rollable \u2013 laptop med rullbar sk\u00e4rm<\/li>\n<li class=\"p1\">AI Glasses \u2013 smarta glas\u00f6gon med handsfree-AI<\/li>\n<li class=\"p1\">Personal AI Hub (Project Kubit) \u2013 en personlig AI-enhet f\u00f6r flera prylar<\/li>\n<li class=\"p1\">Project Maxwell \u2013 b\u00e4rbar AI-kompanjon fr\u00e5n Motorola<\/li>\n<\/ul>\n<p class=\"p1\">Det handlar om att g\u00f6ra tech mer flexibel, mer personlig och mer anpassad efter hur vi faktiskt lever.<\/p>\n<p>Gaming: Legion tar det ett steg till<\/p>\n<p class=\"p1\">P\u00e5 spelfronten forts\u00e4tter Lenovo att pusha gr\u00e4nserna. Nya Legion-koncept med anpassningsbara sk\u00e4rmar och n\u00e4sta generation av Legion Go f\u00f6r handh\u00e5llet spelande visades upp. Allt med fokus p\u00e5 prestanda, flexibilitet och en mer uppslukande gamingupplevelse.<\/p>\n<p>Yoga, IdeaPad och smartare vardag<\/p>\n<p class=\"p1\">F\u00f6r konsumenter lanserades nya Yoga- och IdeaPad-enheter med fokus p\u00e5 kreativitet, mobilitet och AI-st\u00f6d. H\u00e4r handlar det om allt fr\u00e5n kraftfulla laptops till allt-i-ett-datorer, med smidigare koppling mellan olika enheter via Lenovo Smart Connect.<\/p>\n<p>F\u00f6r jobbet: ThinkPad och ThinkCentre f\u00e5r AI-boost<\/p>\n<p class=\"p1\">\u00c4ven f\u00f6retagsanv\u00e4ndare fick mycket k\u00e4rlek. Nya ThinkPad X1, ThinkBook och ThinkCentre-modeller presenterades, alla med AI-funktioner f\u00f6r b\u00e4ttre produktivitet, s\u00e4kerhet och arbetsfl\u00f6de. Perfekt f\u00f6r hybridjobb och moderna kontor.<\/p>\n","protected":false},"excerpt":{"rendered":"Lenovo gick all in p\u00e5 CES 2026 och visade upp hur framtidens tech ska se ut, med personlig&hellip;\n","protected":false},"author":2,"featured_media":129481,"comment_status":"","ping_status":"","sticky":false,"template":"","format":"standard","meta":{"footnotes":""},"categories":[66],"tags":[9163,7192,80,78,79,34,31,33,32,30,81,84,83,82],"class_list":{"0":"post-129480","1":"post","2":"type-post","3":"status-publish","4":"format-standard","5":"has-post-thumbnail","7":"category-vetenskap-och-teknik","8":"tag-ces-2026","9":"tag-lenovo","10":"tag-science","11":"tag-science-and-technology","12":"tag-scienceandtechnology","13":"tag-se","14":"tag-svenska","15":"tag-sverige","16":"tag-sweden","17":"tag-swedish","18":"tag-technology","19":"tag-teknik","20":"tag-vetenskap","21":"tag-vetenskapteknik"},"share_on_mastodon":{"url":"https:\/\/pubeurope.com\/@se\/115859230754104693","error":""},"_links":{"self":[{"href":"https:\/\/www.europesays.com\/se\/wp-json\/wp\/v2\/posts\/129480","targetHints":{"allow":["GET"]}}],"collection":[{"href":"https:\/\/www.europesays.com\/se\/wp-json\/wp\/v2\/posts"}],"about":[{"href":"https:\/\/www.europesays.com\/se\/wp-json\/wp\/v2\/types\/post"}],"author":[{"embeddable":true,"href":"https:\/\/www.europesays.com\/se\/wp-json\/wp\/v2\/users\/2"}],"replies":[{"embeddable":true,"href":"https:\/\/www.europesays.com\/se\/wp-json\/wp\/v2\/comments?post=129480"}],"version-history":[{"count":0,"href":"https:\/\/www.europesays.com\/se\/wp-json\/wp\/v2\/posts\/129480\/revisions"}],"wp:featuredmedia":[{"embeddable":true,"href":"https:\/\/www.europesays.com\/se\/wp-json\/wp\/v2\/media\/129481"}],"wp:attachment":[{"href":"https:\/\/www.europesays.com\/se\/wp-json\/wp\/v2\/media?parent=129480"}],"wp:term":[{"taxonomy":"category","embeddable":true,"href":"https:\/\/www.europesays.com\/se\/wp-json\/wp\/v2\/categories?post=129480"},{"taxonomy":"post_tag","embeddable":true,"href":"https:\/\/www.europesays.com\/se\/wp-json\/wp\/v2\/tags?post=129480"}],"curies":[{"name":"wp","href":"https:\/\/api.w.org\/{rel}","templated":true}]}}