{"id":129499,"date":"2026-01-08T11:39:07","date_gmt":"2026-01-08T11:39:07","guid":{"rendered":"https:\/\/www.europesays.com\/se\/129499\/"},"modified":"2026-01-08T11:39:07","modified_gmt":"2026-01-08T11:39:07","slug":"brustna-hjartan-tank-om-gor-ratt","status":"publish","type":"post","link":"https:\/\/www.europesays.com\/se\/129499\/","title":{"rendered":"Brustna hj\u00e4rtan \u2013 t\u00e4nk om g\u00f6r r\u00e4tt"},"content":{"rendered":"<p class=\"kicker \" style=\"\">Debatt<\/p>\n<p>    \u00c4r vi verkligen s\u00e5 ledsna? Eller blir vi det d\u00e5 vi vill ha verksamhet och teologisk f\u00f6rdjupning men ist\u00e4llet f\u00e5r snapchatfilter och gr\u00e5tl\u00e5tar?<\/p>\n<p>\n        Kampanjen Brustna hj\u00e4rtan lanserades under 2025.<br \/>\n        Kid Collective\n    <\/p>\n<p>I egenskap av ordf\u00f6rande f\u00f6r Svenska kyrkans unga i Stockholms stift har jag bra koll p\u00e5 Svenska kyrkans n\u00e4rvaro digitalt. Till min f\u00f6rv\u00e5ning f\u00e5r jag h\u00f6ra ryktesv\u00e4gen i januari 2025 att det kommer en kampanj om hj\u00e4rtesorg riktad mot unga vuxna.<\/p>\n<p>Mina tankar framst\u00e4ller en fr\u00e5ga. Hur har jag inte h\u00f6rt om det h\u00e4r innan?\u00a0<\/p>\n<p>Till slut f\u00e5r jag tag p\u00e5 informationsmaterialet som inte delats eller kommunicerats med Svenska kyrkans unga och min tunga magk\u00e4nsla skulle visa sig vara befogad.<\/p>\n<p>Att beskriva kampanjen Brustna hj\u00e4rtan \u00e4r som att beskriva en feberdr\u00f6m. Den enda r\u00f6da tr\u00e5den i kampanjen tycks vara att den inducerar huvudv\u00e4rk.<\/p>\n<p>Ur mitt perspektiv \u00e4r det f\u00f6r att det \u00e4r en bristf\u00e4llig produkt som marknadsf\u00f6rs. Ett album, en reklamfilm, ett Snapchat-filter och en hemsida \u00e4r enligt skaparna t\u00e4nkt att f\u00e5 unga vuxna i \u00e5ldern 16-30 \u00e5r att bli lockade till kyrkan f\u00f6r att bearbeta hj\u00e4rtesorg. S\u00e5 fort jag b\u00f6rjar granska inneh\u00e5llet ser jag ingen r\u00f6d tr\u00e5d \u00f6verhuvudtaget. Kampanjen skulle befinna sig p\u00e5 platser d\u00e4r unga r\u00f6r sig, som ska locka dem till ett album med fem gr\u00e5tl\u00e5tar som ska p\u00e5 ett magiskt vis vara ett verktyg som ger unga gemenskap i sorghantering, som i sin tur ska leda m\u00e5lgruppen till en hemsida d\u00e4r man kan hitta material som andnings\u00f6vningar, b\u00f6n och kontakt till sin f\u00f6rsamling f\u00f6r sj\u00e4lav\u00e5rd och gemenskap med andra unga vuxna.<\/p>\n<p>Varf\u00f6r k\u00e4nns detta f\u00f6rlopp som en feberdr\u00f6m? Jo, f\u00f6r det speglar inte verkligheten.<\/p>\n<p>Att vara ung vuxen idag i Svenska kyrkan \u00e4r ett utanf\u00f6rskap. Om man har haft turen att konfirmera sig i en f\u00f6rsamling som erbjuder \u00f6ppna verksamheter efter ens konfirmationstid v\u00e4xer man ut ur det sammanhanget, ibland blir man redan i gymnasie\u00e5ldern utsl\u00e4ngd. D\u00e5 blir trots konfirmation kyrkan \u201dI l\u00e5g grad personligt relevant\u201d som speglas i informationsmaterialet f\u00f6r kampanjen. Men kyrkan \u00e4r i v\u00e5r stressiga omv\u00e4rld mer relevant \u00e4n n\u00e5gonsin f\u00f6r m\u00e5lgruppen unga vuxna. H\u00e4r fyller vi i Svenska kyrkans unga i Stockholms stift glappet med M\u00e4ssa f\u00f6r unga vuxna som lockar unga vuxna fr\u00e5n hela landet.\u00a0<\/p>\n<p>M\u00e5lgruppen vill ses och tr\u00e4ffas f\u00f6r att bryta ensamheten som upplevs av att vara den enda i sin \u00e5ldersgrupp i sin f\u00f6rsamling. F\u00f6r att n\u00e5 unga i dag \u00e4r det fysiska m\u00f6tet som avg\u00f6r. Detta speglas inte alls i kampanjen d\u00e5 ingen vikt l\u00e4ggs i ett kristet budskap av att uppleva gemenskap, prata teologi och kristet liv. Enligt kampanjens informationsmaterial framst\u00e4lls unga vuxna enbart relevanta f\u00f6r kyrkan utifr\u00e5n v\u00e5ran icke bearbetade sorg. \u00c4r vi verkligen s\u00e5 ledsna? Eller blir vi det d\u00e5 unga vuxna g\u00e5ng p\u00e5 g\u00e5ng vill ha verksamhet och teologisk f\u00f6rdjupning men i st\u00e4llet f\u00e5r snapchatfilter och gr\u00e5tl\u00e5tar?<\/p>\n<p>Ur ett symbolperspektiv \u00e4r denna kampanj bristf\u00e4llig. Bara ta reklamfilmen som exempel. I filmen avbildas inte m\u00e5lgruppen 16-30 \u00e5r. I st\u00e4llet blir feberdr\u00f6mmen t\u00e4tare av en otydlig uppmaning till handling, inslag i slutscenen av rollfiguren Samara fr\u00e5n filmen The Ring fr\u00e5n 2002 och ett helhetsintryck som k\u00e4nns mer riktat mot konfirmander. Valet av plattformar f\u00f6r informationsspridning speglar ocks\u00e5 en spridning mot konfirmand\u00e5ldern d\u00e5 unga vuxna senast anv\u00e4nde Snapchat innan pandemin. Desto djupare jag gr\u00e4ver i detta stoff av feberdr\u00f6mmens luftslott faller pusselbitarna p\u00e5 plats. Hela kampanjen k\u00e4nns exakt lika sj\u00e4ll\u00f6s som om en snabbmatskedja hade gjort en liknande satsning f\u00f6r att bredda sitt varum\u00e4rke f\u00f6r att vinna fler kunder i \u00f6nskad m\u00e5lgrupp.\u00a0<\/p>\n<p>Reklamfilmen som regalskepp och musiken som kompass cementerar hela kampanjens bittra eftersmak j\u00e4mf\u00f6rt med m\u00e5lgruppens l\u00e4ngtan efter m\u00f6tesplatser och f\u00f6rdjupning.<\/p>\n<p>Sammanfattningsvis vill jag betona att det \u00e4r p\u00e5 tiden att lyfta fram denna m\u00e5lgrupp men jag blir v\u00e4ldigt ledsen av att se en ytterst bristf\u00e4llig m\u00e5lgruppsanalys. Men jag vill med denna tanke \u00f6ppna f\u00f6r samtal f\u00f6r att framtiden ska bli b\u00e4ttre. Det b\u00e4sta i mitt uppdrag som ordf\u00f6rande \u00e4r att jag f\u00e5r agera remissinstans och vi unga vill ge v\u00e5ra perspektiv. R\u00e4ck ut handen och anf\u00f6rtro oss unga som engagerar sig. Vi kan bidra f\u00f6r att Svenska kyrkan ska locka unga vuxna. Vi vill dela med oss av vad unga vuxna vill ha och vad som drar den m\u00e5lgruppen till oss som kyrka. Mitt hj\u00e4rta \u00e4r sannerligen brustet, men med superlim, hopp och Kristus kan det bli ett igen.<\/p>\n<p class=\"italic m-italic\" data-lab-italic=\"italic\">Danielle Djupedal Larsson, ordf\u00f6rande i Svenska kyrkans unga i Stockholms stift<\/p>\n","protected":false},"excerpt":{"rendered":"Debatt \u00c4r vi verkligen s\u00e5 ledsna? Eller blir vi det d\u00e5 vi vill ha verksamhet och teologisk f\u00f6rdjupning&hellip;\n","protected":false},"author":2,"featured_media":129500,"comment_status":"","ping_status":"","sticky":false,"template":"","format":"standard","meta":{"footnotes":""},"categories":[67],"tags":[104,34,31,33,32,30,105],"class_list":{"0":"post-129499","1":"post","2":"type-post","3":"status-publish","4":"format-standard","5":"has-post-thumbnail","7":"category-underhallning","8":"tag-entertainment","9":"tag-se","10":"tag-svenska","11":"tag-sverige","12":"tag-sweden","13":"tag-swedish","14":"tag-underhallning"},"share_on_mastodon":{"url":"https:\/\/pubeurope.com\/@se\/115859289855872658","error":""},"_links":{"self":[{"href":"https:\/\/www.europesays.com\/se\/wp-json\/wp\/v2\/posts\/129499","targetHints":{"allow":["GET"]}}],"collection":[{"href":"https:\/\/www.europesays.com\/se\/wp-json\/wp\/v2\/posts"}],"about":[{"href":"https:\/\/www.europesays.com\/se\/wp-json\/wp\/v2\/types\/post"}],"author":[{"embeddable":true,"href":"https:\/\/www.europesays.com\/se\/wp-json\/wp\/v2\/users\/2"}],"replies":[{"embeddable":true,"href":"https:\/\/www.europesays.com\/se\/wp-json\/wp\/v2\/comments?post=129499"}],"version-history":[{"count":0,"href":"https:\/\/www.europesays.com\/se\/wp-json\/wp\/v2\/posts\/129499\/revisions"}],"wp:featuredmedia":[{"embeddable":true,"href":"https:\/\/www.europesays.com\/se\/wp-json\/wp\/v2\/media\/129500"}],"wp:attachment":[{"href":"https:\/\/www.europesays.com\/se\/wp-json\/wp\/v2\/media?parent=129499"}],"wp:term":[{"taxonomy":"category","embeddable":true,"href":"https:\/\/www.europesays.com\/se\/wp-json\/wp\/v2\/categories?post=129499"},{"taxonomy":"post_tag","embeddable":true,"href":"https:\/\/www.europesays.com\/se\/wp-json\/wp\/v2\/tags?post=129499"}],"curies":[{"name":"wp","href":"https:\/\/api.w.org\/{rel}","templated":true}]}}