{"id":129507,"date":"2026-01-08T11:47:11","date_gmt":"2026-01-08T11:47:11","guid":{"rendered":"https:\/\/www.europesays.com\/se\/129507\/"},"modified":"2026-01-08T11:47:11","modified_gmt":"2026-01-08T11:47:11","slug":"tv4-profilen-jennifer-paterson-attackerad-med-snobollar","status":"publish","type":"post","link":"https:\/\/www.europesays.com\/se\/129507\/","title":{"rendered":"TV4-profilen Jennifer Paterson attackerad med sn\u00f6bollar"},"content":{"rendered":"<p>Publicerad 8 jan 2026 kl 11.45<\/p>\n<p>Mitt i \u201dNyhetsdagen\u201d blir TV4-profilen Jennifer Paterson attackerad med sn\u00f6bollar.<\/p>\n<p>\u2013 Jag tror vi f\u00e5r avbryta, s\u00e4ger hon precis innan hon tr\u00e4ffas p\u00e5 halsen.<\/p>\n<p><img   alt=\"\"\/><\/p>\n<p>Jennifer Paterson.<\/p>\n<p>Foto: TV4<\/p>\n<p>\u00d6ppna bild i helsk\u00e4rm<img loading=\"lazy\"   alt=\"\"\/><\/p>\n<p>Thomas Ritter.<\/p>\n<p>Foto: TV4<\/p>\n<p>\u00d6ppna bild i helsk\u00e4rm<\/p>\n<p><a href=\"https:\/\/www.expressen.se\/tagg\/organization\/tv4\/\" class=\"\" rel=\"nofollow noopener\" target=\"_blank\">TV4<\/a>:s Pariskorrespondent Jennifer Paterson \u00e4r mitt uppe i en rapport om polisutredningen kring de stulna kronjuvelerna p\u00e5 Louvren.<\/p>\n<p>\u2013 Jakten p\u00e5 de h\u00e4r kronjuvelerna \u00e4r fortsatt en verklig prioritet f\u00f6r fransk polis, s\u00e4ger hon i <a href=\"https:\/\/www.tiktok.com\/@tv4_nyheterna\/video\/7592617416241286422?referer_url=www.hant.se%2Fnoje%2Fhar-blir-tv4-profilen-attackerad-i-direktsandning-tvingas-avbryta-allt-respektlost%2F11217001&amp;refer=embed&amp;embed_source=121374463%2C121468991%2C121439635%2C121749182%2C121433650%2C121404358%2C121497414%2C122122240%2C121351166%2C121811500%2C121960941%2C122122244%2C122122243%2C122122242%2C121487028%2C121331973%2C120811592%2C120810756%2C121885509%3Bnull%3Bembed_share&amp;referer_video_id=7592617416241286422\" rel=\"nofollow noopener\" target=\"_blank\">ett klipp p\u00e5 TV4:s Tiktok.<\/a>\u00a0<\/p>\n<p>Men precis som i Sverige r\u00e5der sn\u00f6kaos i Paris.<\/p>\n<p>Perfekt sn\u00f6bollsv\u00e4der.<\/p>\n<p>Det f\u00e5r Jennifer Paterson erfara.<\/p>\n<p>En m\u00f6rkkl\u00e4dd gestalt dyker upp bakom henne och drar till.<\/p>\n<p>\u2013 Jag vet inte Jennifer, du f\u00e5r n\u00e4stan avg\u00f6ra om du vill forts\u00e4tta prata med mig \u2013 eller om vi ska f\u00f6rs\u00f6ka styra av det h\u00e4r sn\u00f6bollskriget, s\u00e4ger programledaren Thomas Ritter i s\u00e4ndningen.<\/p>\n<p><img loading=\"lazy\"   alt=\"\"\/><\/p>\n<p>Jennifer Paterson attackeras med sn\u00f6bollar under s\u00e4ndningen.<\/p>\n<p>Foto: TV4<\/p>\n<p>\u00d6ppna bild i helsk\u00e4rm<\/p>\n<p>Jennifer Paterson svarar:<\/p>\n<p>\u2013 Ja ni ser&#8230; det \u00e4r lite sn\u00f6bollskrig. Men det h\u00e4r \u00e4r ocks\u00e5 en del av Paris n\u00e4r det \u00e4r sn\u00f6t\u00e4ckt \u2013 d\u00e5 \u00e4r det s\u00e5nt som kan h\u00e4nda med ungdomarna.<\/p>\n<p>\u2013 Men vet ni vad, jag tror vi f\u00e5r avbryta, nu blir det lite v\u00e4l mycket, s\u00e4ger hon precis innan hon blir tr\u00e4ffad p\u00e5 halsen.<\/p>\n<p>\u201dSa till dem p\u00e5 skarpen\u201d<\/p>\n<p>Expressen har s\u00f6kt Jennifer Paterson.<\/p>\n<p>I en kommentar till <a href=\"https:\/\/www.hant.se\/noje\/har-blir-tv4-profilen-attackerad-i-direktsandning-tvingas-avbryta-allt-respektlost\/11217001\" rel=\"nofollow noopener\" target=\"_blank\">H\u00e4nt<\/a> skriver hon:<\/p>\n<p>\u201dJag m\u00e5r bra! Det var ingen farlig situation p\u00e5 n\u00e5got s\u00e4tt och inte heller n\u00e5gon sn\u00f6boll som gjorde ont \u2013 men d\u00e4remot var det s\u00e5 klart respektl\u00f6st gjort av de h\u00e4r ungdomarna. Jag sa till dem p\u00e5 skarpen n\u00e4r jag hade lagt p\u00e5 med TV4.\u201d<\/p>\n<p><script async src=\"\/\/www.tiktok.com\/embed.js\"><\/script><\/p>\n","protected":false},"excerpt":{"rendered":"Publicerad 8 jan 2026 kl 11.45 Mitt i \u201dNyhetsdagen\u201d blir TV4-profilen Jennifer Paterson attackerad med sn\u00f6bollar. \u2013 Jag&hellip;\n","protected":false},"author":2,"featured_media":129508,"comment_status":"","ping_status":"","sticky":false,"template":"","format":"standard","meta":{"footnotes":""},"categories":[67],"tags":[104,4570,6728,423,384,34,31,33,32,30,310,105],"class_list":{"0":"post-129507","1":"post","2":"type-post","3":"status-publish","4":"format-standard","5":"has-post-thumbnail","7":"category-underhallning","8":"tag-entertainment","9":"tag-location-paris","10":"tag-organization-musee-du-louvre","11":"tag-organization-tiktok","12":"tag-organization-tv4","13":"tag-se","14":"tag-svenska","15":"tag-sverige","16":"tag-sweden","17":"tag-swedish","18":"tag-topic-kandisar","19":"tag-underhallning"},"share_on_mastodon":{"url":"https:\/\/pubeurope.com\/@se\/115859321277704923","error":""},"_links":{"self":[{"href":"https:\/\/www.europesays.com\/se\/wp-json\/wp\/v2\/posts\/129507","targetHints":{"allow":["GET"]}}],"collection":[{"href":"https:\/\/www.europesays.com\/se\/wp-json\/wp\/v2\/posts"}],"about":[{"href":"https:\/\/www.europesays.com\/se\/wp-json\/wp\/v2\/types\/post"}],"author":[{"embeddable":true,"href":"https:\/\/www.europesays.com\/se\/wp-json\/wp\/v2\/users\/2"}],"replies":[{"embeddable":true,"href":"https:\/\/www.europesays.com\/se\/wp-json\/wp\/v2\/comments?post=129507"}],"version-history":[{"count":0,"href":"https:\/\/www.europesays.com\/se\/wp-json\/wp\/v2\/posts\/129507\/revisions"}],"wp:featuredmedia":[{"embeddable":true,"href":"https:\/\/www.europesays.com\/se\/wp-json\/wp\/v2\/media\/129508"}],"wp:attachment":[{"href":"https:\/\/www.europesays.com\/se\/wp-json\/wp\/v2\/media?parent=129507"}],"wp:term":[{"taxonomy":"category","embeddable":true,"href":"https:\/\/www.europesays.com\/se\/wp-json\/wp\/v2\/categories?post=129507"},{"taxonomy":"post_tag","embeddable":true,"href":"https:\/\/www.europesays.com\/se\/wp-json\/wp\/v2\/tags?post=129507"}],"curies":[{"name":"wp","href":"https:\/\/api.w.org\/{rel}","templated":true}]}}