{"id":129509,"date":"2026-01-08T11:48:10","date_gmt":"2026-01-08T11:48:10","guid":{"rendered":"https:\/\/www.europesays.com\/se\/129509\/"},"modified":"2026-01-08T11:48:10","modified_gmt":"2026-01-08T11:48:10","slug":"harman-kardons-klassiker-kliver-in-i-wi-fi-hemmet","status":"publish","type":"post","link":"https:\/\/www.europesays.com\/se\/129509\/","title":{"rendered":"Harman Kardons klassiker kliver in i Wi-Fi-hemmet"},"content":{"rendered":"<p>Det finns produkter som v\u00e4grar bli gamla. <a href=\"https:\/\/www.harmankardon.se\/\" rel=\"nofollow noopener\" target=\"_blank\">Harman Kardon<\/a>s SoundSticks och Aura Studio h\u00f6r till den skaran. Nu tar tillverkaren n\u00e4sta steg och presenterar Wi-Fi-versioner av b\u00e5da modellerna \u2013 anpassade f\u00f6r hur vi faktiskt lyssnar p\u00e5 musik i dag. <\/p>\n<p>Resultatet \u00e4r SoundSticks 5 Wi-Fi och Aura Studio 5 Wi-Fi, tv\u00e5 h\u00f6gtalare som kombinerar igenk\u00e4nnbar form med ett mer samtida s\u00e4tt att leva med ljud i hemmet.<\/p>\n<p>Utg\u00e5ngspunkten \u00e4r v\u00e4lbekant. Transparens, rundade former och ett tydligt fokus p\u00e5 att ljudutrustning ocks\u00e5 f\u00e5r synas. Men bakom ytan har mycket h\u00e4nt. <\/p>\n<p>Wi-Fi ers\u00e4tter inte Bluetooth helt, men kompletterar med stabilare uppkoppling, h\u00f6gre ljudkvalitet och b\u00e4ttre integration i det uppkopplade hemmet.<\/p>\n<p>Musik som inte st\u00f6rs av vardagen<\/p>\n<p>Den stora skillnaden m\u00e4rks i vardagslyssningen. N\u00e4r h\u00f6gtalarna kopplas upp via Wi-Fi \u00e4r det inte l\u00e4ngre mobilen som st\u00e5r i centrum. <\/p>\n<p><img loading=\"lazy\" decoding=\"async\" width=\"1024\" height=\"512\" src=\"https:\/\/www.europesays.com\/se\/wp-content\/uploads\/2026\/01\/Harman-Kardon-Aura-Studio-5-WI-FI-2-1024x512.png\" alt=\"Harman Kardon Aura Studio 5 som nu f\u00e5r WI-FI. (Foto: Harman Kardon)\" class=\"wp-image-1599267\"  \/>Harman Kardon Aura Studio 5 som nu f\u00e5r WI-FI. (Foto: Harman Kardon)<\/p>\n<p>Musikstr\u00f6mmen forts\u00e4tter \u00e4ven om ett samtal kommer in eller ett meddelande plingar till. Det \u00e4r en liten detalj p\u00e5 pappret, men i praktiken en stor f\u00f6r\u00e4ndring.<\/p>\n<p>St\u00f6det f\u00f6r Apple AirPlay, Google Chromecast, Spotify Connect och TIDAL Connect g\u00f6r att musiken kan skickas direkt fr\u00e5n molnet till h\u00f6gtalaren. Dessutom finns st\u00f6d f\u00f6r flerrumsljud, vilket inneb\u00e4r att flera h\u00f6gtalare kan spela tillsammans, eller var f\u00f6r sig, beroende p\u00e5 hum\u00f6r och s\u00e4llskap. <\/p>\n<p>Uppdateringar sker automatiskt \u00f6ver n\u00e4tet, utan att anv\u00e4ndaren beh\u00f6ver g\u00f6ra mer \u00e4n att forts\u00e4tta lyssna.<\/p>\n","protected":false},"excerpt":{"rendered":"Det finns produkter som v\u00e4grar bli gamla. Harman Kardons SoundSticks och Aura Studio h\u00f6r till den skaran. Nu&hellip;\n","protected":false},"author":2,"featured_media":129510,"comment_status":"","ping_status":"","sticky":false,"template":"","format":"standard","meta":{"footnotes":""},"categories":[66],"tags":[13312,7207,13221,80,78,79,34,31,33,32,30,81,84,83,82],"class_list":{"0":"post-129509","1":"post","2":"type-post","3":"status-publish","4":"format-standard","5":"has-post-thumbnail","7":"category-vetenskap-och-teknik","8":"tag-harmankardon","9":"tag-ljud","10":"tag-prylar","11":"tag-science","12":"tag-science-and-technology","13":"tag-scienceandtechnology","14":"tag-se","15":"tag-svenska","16":"tag-sverige","17":"tag-sweden","18":"tag-swedish","19":"tag-technology","20":"tag-teknik","21":"tag-vetenskap","22":"tag-vetenskapteknik"},"share_on_mastodon":{"url":"https:\/\/pubeurope.com\/@se\/115859325326794954","error":""},"_links":{"self":[{"href":"https:\/\/www.europesays.com\/se\/wp-json\/wp\/v2\/posts\/129509","targetHints":{"allow":["GET"]}}],"collection":[{"href":"https:\/\/www.europesays.com\/se\/wp-json\/wp\/v2\/posts"}],"about":[{"href":"https:\/\/www.europesays.com\/se\/wp-json\/wp\/v2\/types\/post"}],"author":[{"embeddable":true,"href":"https:\/\/www.europesays.com\/se\/wp-json\/wp\/v2\/users\/2"}],"replies":[{"embeddable":true,"href":"https:\/\/www.europesays.com\/se\/wp-json\/wp\/v2\/comments?post=129509"}],"version-history":[{"count":0,"href":"https:\/\/www.europesays.com\/se\/wp-json\/wp\/v2\/posts\/129509\/revisions"}],"wp:featuredmedia":[{"embeddable":true,"href":"https:\/\/www.europesays.com\/se\/wp-json\/wp\/v2\/media\/129510"}],"wp:attachment":[{"href":"https:\/\/www.europesays.com\/se\/wp-json\/wp\/v2\/media?parent=129509"}],"wp:term":[{"taxonomy":"category","embeddable":true,"href":"https:\/\/www.europesays.com\/se\/wp-json\/wp\/v2\/categories?post=129509"},{"taxonomy":"post_tag","embeddable":true,"href":"https:\/\/www.europesays.com\/se\/wp-json\/wp\/v2\/tags?post=129509"}],"curies":[{"name":"wp","href":"https:\/\/api.w.org\/{rel}","templated":true}]}}