{"id":129514,"date":"2026-01-08T11:52:18","date_gmt":"2026-01-08T11:52:18","guid":{"rendered":"https:\/\/www.europesays.com\/se\/129514\/"},"modified":"2026-01-08T11:52:18","modified_gmt":"2026-01-08T11:52:18","slug":"rod-varning-vma-utfardat-all-busstrafik-installd-trafikanter-uppmanas-att-stanna-hemma","status":"publish","type":"post","link":"https:\/\/www.europesays.com\/se\/129514\/","title":{"rendered":"R\u00d6D VARNING: VMA utf\u00e4rdat, all busstrafik inst\u00e4lld, trafikanter uppmanas att stanna hemma"},"content":{"rendered":"<p class=\"normal\">Ov\u00e4dret Anna r\u00f6r sig nu norrut och gav redan under torsdagsmorgonen stora sn\u00f6m\u00e4ngder i H\u00e4rn\u00f6sand. Under morgonen uppgraderade SMHI ocks\u00e5 varningen till r\u00f6d &#8211; den skarpaste varningen. 40-60 centimeter sn\u00f6 v\u00e4ntas under dagen, i kombination med kraftiga vindbyar. Den r\u00f6da varningen g\u00e4ller fr\u00e5n och med klockan 15 p\u00e5 torsdag.<\/p>\n<p class=\"normal\">Under tordagf\u00f6rmiddagen kom ocks\u00e5 ett VMA, Viktigt meddelande till allm\u00e4nheten. Det \u00e4r ett varningssystem som anv\u00e4nds vid olyckor, allvarliga h\u00e4ndelser och st\u00f6rningar i viktiga samh\u00e4llsfunktioner.<\/p>\n<p>F\u00f6lj rekommendationerna<\/p>\n<p class=\"normal\">Rekommendationerna \u00e4r tydliga:<\/p>\n<ul class=\" normal\">\n<li>Ge dig inte ut i trafiken. Risken att bli stillast\u00e5ende \u00e4r mycket h\u00f6g.<\/li>\n<li>Viktiga samh\u00e4llsfunktioner kan ha mycket sv\u00e5rt att ta sig fram, vilket g\u00f6r att r\u00e4ddningsinsatser kan ta l\u00e5ng tid.<\/li>\n<li>Kraftiga f\u00f6rseningar och inst\u00e4llda avg\u00e5ngar inom kollektivtrafiken \u00e4r sannolika.<\/li>\n<li>F\u00f6rbered dig p\u00e5 l\u00e4ngre och omfattande elavbrott och st\u00f6rningar i telen\u00e4t om du bor i ett omr\u00e5de med luftburna ledningar. G\u00e5 inte n\u00e4ra nedfallna elledningar.<\/li>\n<\/ul>\n<p class=\"normal\">Trafikanter uppmanas att stanna hemma om det inte \u00e4r absolut n\u00f6dv\u00e4ndigt att ge sig ut.<\/p>\n<p>Busstrafiken st\u00e4lls in<\/p>\n<p class=\"normal\">Din Tur meddelade under f\u00f6rmiddagen att f\u00f6retaget st\u00e4ller in all linjelagd busstrafik i H\u00e4rn\u00f6sand, Kramfors och \u00d6rnsk\u00f6ldsvik fr\u00e5n klockan 12 p\u00e5 torsdagen p\u00e5 grund av v\u00e4dervarningen. F\u00f6r skolelever som \u00e5ker linjelagd busstrafik hem fr\u00e5n skolorna har kommunerna bett trafikbolagen att k\u00f6ra dessa avg\u00e5ngar fr\u00e5n skolan klockan 12. P\u00e5 grund av v\u00e4dret finns risk f\u00f6r f\u00f6rseningar och inst\u00e4llda avg\u00e5ngar fram till klockan 12. Kommunen rekommenderar att skolelever tar sig hem tidigare eller med exempelvis v\u00e5rdnadshavare.<\/p>\n<p class=\"normal\">H\u00e4rn\u00f6sands kommun r\u00e4knar med att bedriva sina verksamheter som vanligt.<\/p>\n<p class=\"normal\">HEMAB har meddelat att man st\u00e4ller in sopt\u00f6mningen under torsdagen. <a href=\"https:\/\/www.facebook.com\/photo?fbid=1453613566772760&amp;set=a.478719977595462\" rel=\"nofollow noopener\" target=\"_blank\">L\u00e4s mer om sopt\u00f6mningen h\u00e4r.  L\u00e4nk till annan webbplats.<\/a><\/p>\n<p>H\u00e5ll dig uppdaterad<\/p>\n<p class=\"normal\">SMHI:s v\u00e4derprognoser: <a href=\"https:\/\/www.smhi.se\/?fbclid=IwZXh0bgNhZW0CMTAAYnJpZBExSmllWnVTOGZQbWJBcnR2YXNydGMGYXBwX2lkEDIyMjAzOTE3ODgyMDA4OTIAAR6_e5yG6xgTASmRcUAEB32UDgcR1_THzB05q2f7MB5TYuGgORzoYatPwJdHgg_aem_34xkSzoUoWyPlpyjrf_URQ\" rel=\"nofollow noopener\" target=\"_blank\">https:\/\/www.smhi.se\/ L\u00e4nk till annan webbplats.<\/a><\/p>\n<p class=\"normal\">Sveriges Radio P4 trafikredaktion om trafikl\u00e4get: <a href=\"https:\/\/www.sverigesradio.se\/trafiken\/vasternorrland?fbclid=IwZXh0bgNhZW0CMTAAYnJpZBExSmllWnVTOGZQbWJBcnR2YXNydGMGYXBwX2lkEDIyMjAzOTE3ODgyMDA4OTIAAR7CeD8zF1HFsPSg0cqg_8IaaaoXn4d6UEHaXfjgIu6uKrkJFLKYGejpWXsD3g_aem_Wem77je92OyAgQOG5f7tqg\" rel=\"nofollow noopener\" target=\"_blank\">https:\/\/www.sverigesradio.se\/trafiken\/vasternorrland L\u00e4nk till annan webbplats.<\/a><\/p>\n<p class=\"normal\">Trafikverkets trafikinformation: <a href=\"https:\/\/l.facebook.com\/l.php?u=https%3A%2F%2Fwww.trafikverket.se%2F%3Ffbclid%3DIwZXh0bgNhZW0CMTAAYnJpZBExSmllWnVTOGZQbWJBcnR2YXNydGMGYXBwX2lkEDIyMjAzOTE3ODgyMDA4OTIAAR4-Gf4wWVppjvj-X29KcKQtsEK9jJ65ADdWodkN8f1Gu6I37BkL0Rb9ETF9Vg_aem_d8mQb3XGr27Xd4FxJ_qBrA&amp;h=AT07mtMoIUZKIxZpWyebnLXwWn10r8bzw4kobLXi7srGU001_HkATiHuDS4ccHQAJFQdKdU3g1F15nwaeFe3pkrcbkZvyOc00ztyoLGJQo7oeDje48Qm3adkfAXNHm7m4YTYYnO2-rwMt8gT&amp;__tn__=-UK-R&amp;c[0]=AT1V4RlVNyVi1dN79BCwXzFYQi9U4XBzPIfxP7IeUsaRpup9QO_oTTYodUdoE5du3U6zatUX3P72xKaNX1wRKhFxnGFxiAaa5Jg8vYY6oySlfhdfPqOo4PGcXSQPp1w4-wDiCt6B7jRwyhsdjAmblQeVoml9eaB8Ku0jKoMu03l1Q8WRwxt3EdqxrkV48_I5Gd1DeOZ6UgCW3ZEeEd5yOxUG9w\" rel=\"nofollow noopener\" target=\"_blank\">https:\/\/www.trafikverket.se\/ L\u00e4nk till annan webbplats.<\/a><\/p>\n<p class=\"normal\">Din Turs info om busstrafiken: <a href=\"https:\/\/www.dintur.se\/trafikinformation\/\" rel=\"nofollow noopener\" target=\"_blank\">https:\/\/www.dintur.se\/https:\/\/www.dintur.se\/trafikinformation\/ L\u00e4nk till annan webbplats.<\/a><\/p>\n","protected":false},"excerpt":{"rendered":"Ov\u00e4dret Anna r\u00f6r sig nu norrut och gav redan under torsdagsmorgonen stora sn\u00f6m\u00e4ngder i H\u00e4rn\u00f6sand. Under morgonen uppgraderade&hellip;\n","protected":false},"author":2,"featured_media":129515,"comment_status":"","ping_status":"","sticky":false,"template":"","format":"standard","meta":{"footnotes":""},"categories":[5],"tags":[22,23,26,27,17,21,24,25,28,29,15,16,18,34,12864,13262,31,33,32,30,19,20,366,13263,693,12671,13313],"class_list":{"0":"post-129514","1":"post","2":"type-post","3":"status-publish","4":"format-standard","5":"has-post-thumbnail","7":"category-rubriker","8":"tag-breaking-news","9":"tag-breakingnews","10":"tag-featured-news","11":"tag-featurednews","12":"tag-headlines","13":"tag-huvudnyheter","14":"tag-latest-news","15":"tag-latestnews","16":"tag-main-news","17":"tag-mainnews","18":"tag-news","19":"tag-nyheter","20":"tag-rubriker","21":"tag-se","22":"tag-sno","23":"tag-snoovader","24":"tag-svenska","25":"tag-sverige","26":"tag-sweden","27":"tag-swedish","28":"tag-top-stories","29":"tag-topstories","30":"tag-trafik","31":"tag-trafikproblem","32":"tag-vader","33":"tag-vadervarning","34":"tag-vma"},"share_on_mastodon":{"url":"https:\/\/pubeurope.com\/@se\/115859340806850726","error":""},"_links":{"self":[{"href":"https:\/\/www.europesays.com\/se\/wp-json\/wp\/v2\/posts\/129514","targetHints":{"allow":["GET"]}}],"collection":[{"href":"https:\/\/www.europesays.com\/se\/wp-json\/wp\/v2\/posts"}],"about":[{"href":"https:\/\/www.europesays.com\/se\/wp-json\/wp\/v2\/types\/post"}],"author":[{"embeddable":true,"href":"https:\/\/www.europesays.com\/se\/wp-json\/wp\/v2\/users\/2"}],"replies":[{"embeddable":true,"href":"https:\/\/www.europesays.com\/se\/wp-json\/wp\/v2\/comments?post=129514"}],"version-history":[{"count":0,"href":"https:\/\/www.europesays.com\/se\/wp-json\/wp\/v2\/posts\/129514\/revisions"}],"wp:featuredmedia":[{"embeddable":true,"href":"https:\/\/www.europesays.com\/se\/wp-json\/wp\/v2\/media\/129515"}],"wp:attachment":[{"href":"https:\/\/www.europesays.com\/se\/wp-json\/wp\/v2\/media?parent=129514"}],"wp:term":[{"taxonomy":"category","embeddable":true,"href":"https:\/\/www.europesays.com\/se\/wp-json\/wp\/v2\/categories?post=129514"},{"taxonomy":"post_tag","embeddable":true,"href":"https:\/\/www.europesays.com\/se\/wp-json\/wp\/v2\/tags?post=129514"}],"curies":[{"name":"wp","href":"https:\/\/api.w.org\/{rel}","templated":true}]}}