{"id":129518,"date":"2026-01-08T11:55:09","date_gmt":"2026-01-08T11:55:09","guid":{"rendered":"https:\/\/www.europesays.com\/se\/129518\/"},"modified":"2026-01-08T11:55:09","modified_gmt":"2026-01-08T11:55:09","slug":"nya-filmer-om-andra-varldskriget-pa-prime-video","status":"publish","type":"post","link":"https:\/\/www.europesays.com\/se\/129518\/","title":{"rendered":"Nya filmer om andra v\u00e4rldskriget p\u00e5 Prime Video"},"content":{"rendered":"<p>Prime Videos nya filmer en flykt fr\u00e5n v\u00e5r oroliga nutidshare-arrowDela<\/p>\n<p>unsaveSpara<\/p>\n<p>expand-left<\/p>\n<p>helsk\u00e4rm<img decoding=\"async\" class=\"image-asset hyperion-css-1ps1ueo\" data-test-tag=\"image-asset\" src=\"https:\/\/www.europesays.com\/se\/wp-content\/uploads\/2026\/01\/2d25980e-2913-4e5c-bb72-bee73649adba.jpeg\"  alt=\"\u00d6verste Birger Eriksen (Bj\u00f8rn Sundquist) i \u201dBattle of Oslo\u201d.\"  loading=\"eager\" fetchpriority=\"high\" style=\"aspect-ratio:1600 \/ 900\"\/>\u00d6verste Birger Eriksen (Bj\u00f8rn Sundquist) i \u201dBattle of Oslo\u201d. Foto: Prime Video<\/p>\n<p class=\"hyperion-css-1shl3oz\" data-test-tag=\"lead-text\">KR\u00d6NIKA. I en v\u00e4rld som h\u00e5ller p\u00e5 att v\u00e4ndas upp och ner s\u00f6ker vi oss till det som \u00e4r  bekant. <\/p>\n<p class=\"hyperion-css-1shl3oz\" data-test-tag=\"lead-text\">Som andra v\u00e4rldskriget.<\/p>\n<p class=\"hyperion-css-1v9qo5x\">Vi \u00e4r vana vid att Ryssland utg\u00f6r ett hot. De har trots allt gjort det de senaste 300 \u00e5ren. Men vi \u00e4r inte lika vana vid att USA helt h\u00e5ller p\u00e5 att fallera som en v\u00e4n och allierad. Att Nato riskerar att spricka fem minuter att vi har g\u00e5tt med i alliansen.<\/p>\n<p class=\"hyperion-css-1v9qo5x\">I s\u00e5dana h\u00e4r stunder fr\u00e5gar vi oss vem som \u00e4r v\u00e5r v\u00e4n. F\u00f6r n\u00e5got \u00e5r sedan var det kanske sj\u00e4lvklart. Nu \u00e4r svaret os\u00e4kert. Inte undra p\u00e5 att vi v\u00e4nder oss till ber\u00e4ttelser som k\u00e4nns trygga, d\u00e4r vi vet vilka de onda och goda \u00e4r.<\/p>\n<p class=\"hyperion-css-1v9qo5x\">Den senaste veckan har tv\u00e5 filmer om andra v\u00e4rldskriget haft premi\u00e4r p\u00e5 Prime Video och hamnade snabbt p\u00e5 deras topplista. <\/p>\n<p>Utspelas vid tyska invasionen av Norge<\/p>\n<p class=\"hyperion-css-1v9qo5x\">Norska \u201dBl\u00fccher\u201d hade biopremi\u00e4r i september f\u00f6rra \u00e5ret i v\u00e5rt grannland och har nu inf\u00f6r streamingpremi\u00e4ren f\u00e5tt en rafflande engelsk titel: \u201dBattle of Oslo\u201d. Filmen utspelas vid tiden f\u00f6r tyska invasionen av Norge 1940 och \u00e4r en hyllning till \u00f6verste <strong>Birger Eriksen<\/strong>, en \u00e5ldrad officer som ansvarar f\u00f6r f\u00e4stningen Oscarsborg som ligger i Oslofjorden och ing\u00e5r i yttersta f\u00f6rsvaret av landet. Ska man skicka en flotta mot huvudstaden m\u00e5ste man passera Eriksen. <\/p>\n<p class=\"hyperion-css-1v9qo5x\">Filmen skildrar \u00f6vertygande hur r\u00e4dsla och tvivel dominerar st\u00e4mningen inne p\u00e5 Oscarsborg. Trots allt vet man inte om fiendeskepp \u00e4r p\u00e5 v\u00e4g \u2013 tills flera stycken pl\u00f6tsligt visar sig d\u00e4rute i m\u00f6rkret. Eriksen inser att han \u00e4r ganska ensam i sin sits. <\/p>\n<p class=\"hyperion-css-1v9qo5x\">Hur vet man vilket beslut som \u00e4r det r\u00e4tta? Ska man vara den som skjuter f\u00f6rst?<\/p>\n<p>expand-left<\/p>\n<p>helsk\u00e4rm<img decoding=\"async\" class=\"image-asset hyperion-css-18dfmhs\" data-test-tag=\"image-asset\" src=\"https:\/\/www.europesays.com\/se\/wp-content\/uploads\/2026\/01\/8add84f6-e95c-4aea-ba68-486be76cb29e.jpeg\"  alt=\"\u201dDer Tiger\u201d.\"  loading=\"eager\" fetchpriority=\"high\" style=\"aspect-ratio:1024 \/ 578\"\/>\u201dDer Tiger\u201d. Foto: Prime Video<\/p>\n<p class=\"hyperion-css-1v9qo5x\">Tvivel och r\u00e4dsla dominerar \u00e4ven tyska filmen \u201dDer Tiger\u201d, d\u00e4r vi f\u00f6ljer en tysk stridsvagnsbes\u00e4ttning som befinner sig p\u00e5 ett hemligt uppdrag bakom fiendelinjen i Sovjetunionen under kriget. <\/p>\n<p class=\"hyperion-css-1v9qo5x\">Mycket av filmen p\u00e5minner om klassiska \u201dUb\u00e5ten\u201d (1981), fast i en stridsvagn d\u00e5, d\u00e4r de stridande fordonen smyger sig p\u00e5 varandra \u2013 h\u00e4r finns till och med en scen d\u00e4r stridsvagnen k\u00f6r ner i en flod och g\u00f6mmer sig p\u00e5 bottnen!<\/p>\n<p>Befinner sig i helvetet<\/p>\n<p class=\"hyperion-css-1v9qo5x\">Filmens slut, och twist, tappar dramatisk styrka, men dess \u00e4rende \u00e4r tydligt: soldaterna befinner sig i helvetet tack vare besluten som de fattade och ledaren de valde att f\u00f6lja. <\/p>\n<p class=\"hyperion-css-1v9qo5x\">Visst finns det gr\u00e5zoner \u00e4ven i dessa ber\u00e4ttelser. Men grundpremisserna \u00e4r glasklara. Ont st\u00e5r mot gott. Det finns en trygghet i det. Tiden vi befinner oss i nu \u00e4r l\u00e5ngt mer f\u00f6rvirrande.<\/p>\n<p><a href=\"https:\/\/www.facebook.com\/N\u00f6jesbladet-FILM-333136640116749\/\" rel=\"noopener nofollow noreferrer\" class=\"hyperion-css-1pv3til\" target=\"_blank\"><img decoding=\"async\" class=\"image-asset hyperion-css-1h3201i\" data-test-tag=\"image-asset\" src=\"https:\/\/www.europesays.com\/se\/wp-content\/uploads\/2026\/01\/4275f34e-2385-4207-b0f3-bb10c10966d5.jpeg\"  alt=\"\"  loading=\"lazy\" fetchpriority=\"auto\" style=\"aspect-ratio:1528 \/ 544\"\/><\/a><\/p>\n<p class=\"hyperion-css-1v9qo5x\">Gl\u00f6m inte att gilla <a aria-label=\"Aftonbladet FILM\" class=\"entertainment hyperion-css-15jkft9\" href=\"https:\/\/www.facebook.com\/N\u00f6jesbladet-FILM-333136640116749\/\" rel=\"noopener nofollow noreferrer\" data-test-tag=\"external-link\" target=\"_blank\">Aftonbladet FILM<\/a> p\u00e5 Facebook och <a aria-label=\"f\u00f6lja oss p\u00e5 Instagram,\" class=\"entertainment hyperion-css-15jkft9\" href=\"https:\/\/www.instagram.com\/aftonbladetfilm\" rel=\"noopener nofollow noreferrer\" data-test-tag=\"external-link\" target=\"_blank\">f\u00f6lja oss p\u00e5 Instagram,<\/a> <a aria-label=\"Bluesky,\" class=\"entertainment hyperion-css-15jkft9\" href=\"https:\/\/bsky.app\/profile\/aftonbladetfilm.bsky.social\" rel=\"noopener nofollow noreferrer\" data-test-tag=\"external-link\" target=\"_blank\">Bluesky,<\/a> <a aria-label=\"Threads\" class=\"entertainment hyperion-css-15jkft9\" href=\"https:\/\/www.threads.com\/@aftonbladetfilm\" rel=\"noopener nofollow noreferrer\" data-test-tag=\"external-link\" target=\"_blank\">Threads<\/a> och <a aria-label=\"X (Twitter)\" class=\"entertainment hyperion-css-15jkft9\" href=\"https:\/\/twitter.com\/abladetfilm\" rel=\"noopener nofollow noreferrer\" data-test-tag=\"external-link\" target=\"_blank\">X (Twitter)<\/a> f\u00f6r nyheter, trailers, recensioner och sk\u00f6n filmnostalgi. <\/p>\n<p><script async src=\"https:\/\/platform.twitter.com\/widgets.js\" charset=\"utf-8\"><\/script><script async src=\"\/\/www.instagram.com\/embed.js\"><\/script><\/p>\n","protected":false},"excerpt":{"rendered":"Prime Videos nya filmer en flykt fr\u00e5n v\u00e5r oroliga nutidshare-arrowDela unsaveSpara expand-left helsk\u00e4rm\u00d6verste Birger Eriksen (Bj\u00f8rn Sundquist) i&hellip;\n","protected":false},"author":2,"featured_media":129519,"comment_status":"","ping_status":"","sticky":false,"template":"","format":"standard","meta":{"footnotes":""},"categories":[67],"tags":[104,34,31,33,32,30,105],"class_list":{"0":"post-129518","1":"post","2":"type-post","3":"status-publish","4":"format-standard","5":"has-post-thumbnail","7":"category-underhallning","8":"tag-entertainment","9":"tag-se","10":"tag-svenska","11":"tag-sverige","12":"tag-sweden","13":"tag-swedish","14":"tag-underhallning"},"share_on_mastodon":{"url":"https:\/\/pubeurope.com\/@se\/115859353310909257","error":""},"_links":{"self":[{"href":"https:\/\/www.europesays.com\/se\/wp-json\/wp\/v2\/posts\/129518","targetHints":{"allow":["GET"]}}],"collection":[{"href":"https:\/\/www.europesays.com\/se\/wp-json\/wp\/v2\/posts"}],"about":[{"href":"https:\/\/www.europesays.com\/se\/wp-json\/wp\/v2\/types\/post"}],"author":[{"embeddable":true,"href":"https:\/\/www.europesays.com\/se\/wp-json\/wp\/v2\/users\/2"}],"replies":[{"embeddable":true,"href":"https:\/\/www.europesays.com\/se\/wp-json\/wp\/v2\/comments?post=129518"}],"version-history":[{"count":0,"href":"https:\/\/www.europesays.com\/se\/wp-json\/wp\/v2\/posts\/129518\/revisions"}],"wp:featuredmedia":[{"embeddable":true,"href":"https:\/\/www.europesays.com\/se\/wp-json\/wp\/v2\/media\/129519"}],"wp:attachment":[{"href":"https:\/\/www.europesays.com\/se\/wp-json\/wp\/v2\/media?parent=129518"}],"wp:term":[{"taxonomy":"category","embeddable":true,"href":"https:\/\/www.europesays.com\/se\/wp-json\/wp\/v2\/categories?post=129518"},{"taxonomy":"post_tag","embeddable":true,"href":"https:\/\/www.europesays.com\/se\/wp-json\/wp\/v2\/tags?post=129518"}],"curies":[{"name":"wp","href":"https:\/\/api.w.org\/{rel}","templated":true}]}}