{"id":129537,"date":"2026-01-08T12:11:31","date_gmt":"2026-01-08T12:11:31","guid":{"rendered":"https:\/\/www.europesays.com\/se\/129537\/"},"modified":"2026-01-08T12:11:31","modified_gmt":"2026-01-08T12:11:31","slug":"bjorn-frantzen-leder-nya-mattavlingsprogrammet-100-knivar","status":"publish","type":"post","link":"https:\/\/www.europesays.com\/se\/129537\/","title":{"rendered":"Bj\u00f6rn Frantz\u00e9n leder nya matt\u00e4vlingsprogrammet 100 Knivar"},"content":{"rendered":"<p>I det kommande t\u00e4vlingsprogrammet 100 Knivar samlas hundra kockar f\u00f6r att t\u00e4vla om en prissumma p\u00e5 en miljon kronor. Deltagarna utg\u00f6rs av allt fr\u00e5n foodtruck\u00e4gare, till k\u00f6ksl\u00e4rlingar och n\u00e5gra av de fr\u00e4msta inom fine dining.<\/p>\n<p>Premissen l\u00e5ter m\u00f6jligen bekant, men skiljer sig fr\u00e5n andra matlagningsprogram p\u00e5 en tydlig punkt. Efter en initial f\u00f6rsta gallring kommer deltagarna precis som i ett riktigt restaurangk\u00f6k jobba tillsammans. Framg\u00e5ng h\u00e4nger allts\u00e5 helt och h\u00e5llet p\u00e5 lagens samarbete, d\u00e4r ingen har r\u00e5d att vara den svagaste l\u00e4nken.<\/p>\n<p>Kockarna\u00a0 kommer att bli\u00a0 bed\u00f6mda\u00a0 av\u00a0 Bj\u00f6rn\u00a0 Frantz\u00e9n,\u00a0 internationellt\u00a0 hyllad\u00a0 stj\u00e4rnkock\u00a0 och den ende i\u00a0 v\u00e4rlden\u00a0 som driver tre\u00a0 Michelin-restauranger\u00a0 med tre\u00a0 stj\u00e4rnor. Programledaren sj\u00e4lv kommenterar satsningen:<\/p>\n<p><img loading=\"lazy\" decoding=\"async\" width=\"1024\" height=\"540\" src=\"https:\/\/www.europesays.com\/se\/wp-content\/uploads\/2026\/01\/bjorn-frantzen-i-100_695e55b91a2c9-1024x540.jpeg\" alt=\"\" class=\"wp-image-330625\"  \/>Foto: TV4<\/p>\n<p>\u2013 F\u00f6r mig handlar det om att driva deltagarna till sin absoluta toppniv\u00e5 och se vilka som klarar av att samarbeta och prestera n\u00e4r pressen \u00e4r som st\u00f6rst. Det \u00e4r d\u00e5 de verkliga kockarna kliver fram, som kan lyfta ett helt k\u00f6ksteam. Jag har alltid trott p\u00e5 h\u00e5rda krav och tydliga ramar och det genomsyrar hela det h\u00e4r programmet.<\/p>\n<p><img loading=\"lazy\" decoding=\"async\" width=\"1024\" height=\"683\" src=\"https:\/\/www.europesays.com\/se\/wp-content\/uploads\/2026\/01\/ds_5955-1024x683-1.jpg\" alt=\"\" class=\"wp-image-330634\"  \/>Frantz\u00e9n\u00a0\u2013\u00a0Sveriges enda trestj\u00e4rniga Michelinkrog.<\/p>\n<p>\u2013 I den h\u00e4r t\u00e4vlingen finns inga genv\u00e4gar \u2013 bara fokus, disciplin och viljan att hela tiden vilja bli b\u00e4ttre i sin matlagning. Man ska ha f\u00f6rtj\u00e4nat det fullt ut om man st\u00e5r som vinnare och tar hem en miljon kronor, s\u00e4ger Bj\u00f6rn Frantz\u00e9n.<\/p>\n<p>100 Knivar har premi\u00e4r i h\u00f6st p\u00e5 TV4 Play och TV4.<\/p>\n<p class=\"has-28-font-size\">L\u00e4s \u00e4ven:<\/p>\n","protected":false},"excerpt":{"rendered":"I det kommande t\u00e4vlingsprogrammet 100 Knivar samlas hundra kockar f\u00f6r att t\u00e4vla om en prissumma p\u00e5 en miljon&hellip;\n","protected":false},"author":2,"featured_media":129538,"comment_status":"","ping_status":"","sticky":false,"template":"","format":"standard","meta":{"footnotes":""},"categories":[67],"tags":[104,34,31,33,32,30,105],"class_list":{"0":"post-129537","1":"post","2":"type-post","3":"status-publish","4":"format-standard","5":"has-post-thumbnail","7":"category-underhallning","8":"tag-entertainment","9":"tag-se","10":"tag-svenska","11":"tag-sverige","12":"tag-sweden","13":"tag-swedish","14":"tag-underhallning"},"share_on_mastodon":{"url":"https:\/\/pubeurope.com\/@se\/115859415555355209","error":""},"_links":{"self":[{"href":"https:\/\/www.europesays.com\/se\/wp-json\/wp\/v2\/posts\/129537","targetHints":{"allow":["GET"]}}],"collection":[{"href":"https:\/\/www.europesays.com\/se\/wp-json\/wp\/v2\/posts"}],"about":[{"href":"https:\/\/www.europesays.com\/se\/wp-json\/wp\/v2\/types\/post"}],"author":[{"embeddable":true,"href":"https:\/\/www.europesays.com\/se\/wp-json\/wp\/v2\/users\/2"}],"replies":[{"embeddable":true,"href":"https:\/\/www.europesays.com\/se\/wp-json\/wp\/v2\/comments?post=129537"}],"version-history":[{"count":0,"href":"https:\/\/www.europesays.com\/se\/wp-json\/wp\/v2\/posts\/129537\/revisions"}],"wp:featuredmedia":[{"embeddable":true,"href":"https:\/\/www.europesays.com\/se\/wp-json\/wp\/v2\/media\/129538"}],"wp:attachment":[{"href":"https:\/\/www.europesays.com\/se\/wp-json\/wp\/v2\/media?parent=129537"}],"wp:term":[{"taxonomy":"category","embeddable":true,"href":"https:\/\/www.europesays.com\/se\/wp-json\/wp\/v2\/categories?post=129537"},{"taxonomy":"post_tag","embeddable":true,"href":"https:\/\/www.europesays.com\/se\/wp-json\/wp\/v2\/tags?post=129537"}],"curies":[{"name":"wp","href":"https:\/\/api.w.org\/{rel}","templated":true}]}}