{"id":129545,"date":"2026-01-08T12:19:09","date_gmt":"2026-01-08T12:19:09","guid":{"rendered":"https:\/\/www.europesays.com\/se\/129545\/"},"modified":"2026-01-08T12:19:09","modified_gmt":"2026-01-08T12:19:09","slug":"muslimsk-tro-moter-lesbisk-frigorelse-i-the-little-sister","status":"publish","type":"post","link":"https:\/\/www.europesays.com\/se\/129545\/","title":{"rendered":"Muslimsk tro m\u00f6ter lesbisk frig\u00f6relse i &#8221;The little sister&#8221;"},"content":{"rendered":"<p>DramaTitel: The little sisterVisas p\u00e5: FyrisbiografenI rollerna: Nadia Melliti, Park Ji Min, Amina Ben MohamedRegi: Hafsia HerziSpeltid: 107 minBetyg: 4N\u00e4r den franska filmen &#8221;The little sister&#8221; hade premi\u00e4r i Cannes f\u00f6rra \u00e5ret blev den dubbelt prisbel\u00f6nt. F\u00f6rutom att huvudrollsinnehavaren Nadia Melliti bel\u00f6nades f\u00f6r sin insats, fick filmen ocks\u00e5 \u00e5rets Queerpalm. Det <\/p>\n","protected":false},"excerpt":{"rendered":"DramaTitel: The little sisterVisas p\u00e5: FyrisbiografenI rollerna: Nadia Melliti, Park Ji Min, Amina Ben MohamedRegi: Hafsia HerziSpeltid: 107&hellip;\n","protected":false},"author":2,"featured_media":129546,"comment_status":"","ping_status":"","sticky":false,"template":"","format":"standard","meta":{"footnotes":""},"categories":[67],"tags":[104,34,31,33,32,30,105],"class_list":{"0":"post-129545","1":"post","2":"type-post","3":"status-publish","4":"format-standard","5":"has-post-thumbnail","7":"category-underhallning","8":"tag-entertainment","9":"tag-se","10":"tag-svenska","11":"tag-sverige","12":"tag-sweden","13":"tag-swedish","14":"tag-underhallning"},"share_on_mastodon":{"url":"https:\/\/pubeurope.com\/@se\/115859447122673067","error":""},"_links":{"self":[{"href":"https:\/\/www.europesays.com\/se\/wp-json\/wp\/v2\/posts\/129545","targetHints":{"allow":["GET"]}}],"collection":[{"href":"https:\/\/www.europesays.com\/se\/wp-json\/wp\/v2\/posts"}],"about":[{"href":"https:\/\/www.europesays.com\/se\/wp-json\/wp\/v2\/types\/post"}],"author":[{"embeddable":true,"href":"https:\/\/www.europesays.com\/se\/wp-json\/wp\/v2\/users\/2"}],"replies":[{"embeddable":true,"href":"https:\/\/www.europesays.com\/se\/wp-json\/wp\/v2\/comments?post=129545"}],"version-history":[{"count":0,"href":"https:\/\/www.europesays.com\/se\/wp-json\/wp\/v2\/posts\/129545\/revisions"}],"wp:featuredmedia":[{"embeddable":true,"href":"https:\/\/www.europesays.com\/se\/wp-json\/wp\/v2\/media\/129546"}],"wp:attachment":[{"href":"https:\/\/www.europesays.com\/se\/wp-json\/wp\/v2\/media?parent=129545"}],"wp:term":[{"taxonomy":"category","embeddable":true,"href":"https:\/\/www.europesays.com\/se\/wp-json\/wp\/v2\/categories?post=129545"},{"taxonomy":"post_tag","embeddable":true,"href":"https:\/\/www.europesays.com\/se\/wp-json\/wp\/v2\/tags?post=129545"}],"curies":[{"name":"wp","href":"https:\/\/api.w.org\/{rel}","templated":true}]}}