{"id":129567,"date":"2026-01-08T12:36:12","date_gmt":"2026-01-08T12:36:12","guid":{"rendered":"https:\/\/www.europesays.com\/se\/129567\/"},"modified":"2026-01-08T12:36:12","modified_gmt":"2026-01-08T12:36:12","slug":"microsoft-bekraftar-ny-krypteringsbugg-i-outlook-classic","status":"publish","type":"post","link":"https:\/\/www.europesays.com\/se\/129567\/","title":{"rendered":"Microsoft bekr\u00e4ftar ny krypteringsbugg i Outlook Classic"},"content":{"rendered":"<p>De krypterade mejlen i Microsofts \u00e4ldre mejlklient Outlook Classic har <a href=\"https:\/\/www.pcforalla.se\/article\/2923671\/microsoft-erbjuder-fix-for-krypteringsproblem-i-outlook.html\" rel=\"nofollow noopener\" target=\"_blank\">\u00e5terigen<\/a> r\u00e5kat ut f\u00f6r problem. F\u00f6retaget <a href=\"https:\/\/idg.digidip.net\/visit?url=https:\/\/support.microsoft.com\/en-us\/office\/classic-outlook-recipients-are-unable-to-open-encrypt-only-emails-cb75e2de-adac-4769-b02c-b9d2f0682791&amp;currurl=https:\/\/www.pcforalla.se\/article\/3027002\/microsoft-bekraftar-ny-krypteringsbugg-i-outlook-classic.html&amp;ref=8-1-3027002-1-0-0-0-0\" target=\"_blank\" rel=\"nofollow noopener\" data-subtag=\"8-1-3027002-1-0-0-0-0\" data-domain-name=\"microsoft\">bekr\u00e4ftar<\/a> p\u00e5 sin supportsida att anv\u00e4ndare i den senaste versionen av Outlook Classic, version 2511, kan r\u00e5ka ut f\u00f6r att de inte kan \u00f6ppna krypterade mejl \u00e4ven n\u00e4r de bekr\u00e4ftat sin identitet.<\/p>\n<p><strong>L\u00e4s \u00e4ven:\u00a0<a href=\"https:\/\/www.pcforalla.se\/article\/2927997\/annu-en-bugg-i-klassiska-outlook-har-upptackts.html\" rel=\"nofollow noopener\" target=\"_blank\">Anv\u00e4ndare av klassiska Outlook kommer inte \u00e5t sina mejl<\/a><\/strong><\/p>\n<p><img decoding=\"async\" data-wp-class--hide=\"state.isContentHidden\" data-wp-class--show=\"state.isContentVisible\" data-wp-init=\"callbacks.setButtonStyles\" data-wp-on-async--click=\"actions.showLightbox\" data-wp-on-async--load=\"callbacks.setButtonStyles\" data-wp-on-async-window--resize=\"callbacks.setButtonStyles\" src=\"https:\/\/b2c-contenthub.com\/wp-content\/uploads\/2026\/01\/7721170d-e52e-4b77-882f-efdb1ce81162.avif\" alt=\"Microsoft Office Classic encryption bug\" class=\"wp-image-3027004\"  width=\"402\" height=\"363\"  loading=\"lazy\"\/><\/p>\n<p class=\"imageCredit\">Microsoft<\/p>\n<p>Orsaken till buggen \u00e4r \u00e4n s\u00e5 l\u00e4nge ok\u00e4nd, men Microsoft skriver att de nu utreder problemet och att de kommer uppdatera supportsidan n\u00e4r de f\u00e5tt fram mer information.<\/p>\n<p>Under tiden skriver de att det finns n\u00e5gra metoder f\u00f6r att kringg\u00e5 buggen. F\u00f6rst och fr\u00e4mst kan du helt enkelt backa till en \u00e4ldre version av Outlook Classic-appen. Den andra l\u00f6sningen \u00e4r att inte v\u00e4lja att kryptera mejl via Fil-menyn, utan ist\u00e4llet g\u00f6ra det via fliken Options.<\/p>\n","protected":false},"excerpt":{"rendered":"De krypterade mejlen i Microsofts \u00e4ldre mejlklient Outlook Classic har \u00e5terigen r\u00e5kat ut f\u00f6r problem. F\u00f6retaget bekr\u00e4ftar p\u00e5&hellip;\n","protected":false},"author":2,"featured_media":129568,"comment_status":"","ping_status":"","sticky":false,"template":"","format":"standard","meta":{"footnotes":""},"categories":[66],"tags":[80,78,79,34,31,33,32,30,81,84,83,82],"class_list":{"0":"post-129567","1":"post","2":"type-post","3":"status-publish","4":"format-standard","5":"has-post-thumbnail","7":"category-vetenskap-och-teknik","8":"tag-science","9":"tag-science-and-technology","10":"tag-scienceandtechnology","11":"tag-se","12":"tag-svenska","13":"tag-sverige","14":"tag-sweden","15":"tag-swedish","16":"tag-technology","17":"tag-teknik","18":"tag-vetenskap","19":"tag-vetenskapteknik"},"share_on_mastodon":{"url":"https:\/\/pubeurope.com\/@se\/115859513809245941","error":""},"_links":{"self":[{"href":"https:\/\/www.europesays.com\/se\/wp-json\/wp\/v2\/posts\/129567","targetHints":{"allow":["GET"]}}],"collection":[{"href":"https:\/\/www.europesays.com\/se\/wp-json\/wp\/v2\/posts"}],"about":[{"href":"https:\/\/www.europesays.com\/se\/wp-json\/wp\/v2\/types\/post"}],"author":[{"embeddable":true,"href":"https:\/\/www.europesays.com\/se\/wp-json\/wp\/v2\/users\/2"}],"replies":[{"embeddable":true,"href":"https:\/\/www.europesays.com\/se\/wp-json\/wp\/v2\/comments?post=129567"}],"version-history":[{"count":0,"href":"https:\/\/www.europesays.com\/se\/wp-json\/wp\/v2\/posts\/129567\/revisions"}],"wp:featuredmedia":[{"embeddable":true,"href":"https:\/\/www.europesays.com\/se\/wp-json\/wp\/v2\/media\/129568"}],"wp:attachment":[{"href":"https:\/\/www.europesays.com\/se\/wp-json\/wp\/v2\/media?parent=129567"}],"wp:term":[{"taxonomy":"category","embeddable":true,"href":"https:\/\/www.europesays.com\/se\/wp-json\/wp\/v2\/categories?post=129567"},{"taxonomy":"post_tag","embeddable":true,"href":"https:\/\/www.europesays.com\/se\/wp-json\/wp\/v2\/tags?post=129567"}],"curies":[{"name":"wp","href":"https:\/\/api.w.org\/{rel}","templated":true}]}}