{"id":129612,"date":"2026-01-08T13:17:07","date_gmt":"2026-01-08T13:17:07","guid":{"rendered":"https:\/\/www.europesays.com\/se\/129612\/"},"modified":"2026-01-08T13:17:07","modified_gmt":"2026-01-08T13:17:07","slug":"raddningstjansten-det-har-behover-du-ha-i-bilen-vid-snovader-p4-vast","status":"publish","type":"post","link":"https:\/\/www.europesays.com\/se\/129612\/","title":{"rendered":"R\u00e4ddningstj\u00e4nsten: Det h\u00e4r beh\u00f6ver\u00a0du ha\u00a0i bilen vid sn\u00f6v\u00e4der &#8211; P4 V\u00e4st"},"content":{"rendered":"<p>Det h\u00e4r \u00e4r s\u00e4ndningsledningen p\u00e5 Sveriges Radio med ett viktigt meddelande till allm\u00e4nheten i V\u00e4sternorrlands l\u00e4n. Med anledning av sn\u00f6ov\u00e4dret och r\u00f6d varning fr\u00e5n SMHI med mycket besv\u00e4rliga trafikf\u00f6rh\u00e5llanden i kustomr\u00e5det vid H\u00e4rn\u00f6sand, Kramfors och \u00d6rnsk\u00f6ldsvik uppmanas trafikanter att inte ge sig ut i trafiken. Risken att bli stillast\u00e5ende \u00e4r mycket h\u00f6g. Trafikanter och resen\u00e4rer uppmanas att ta del av lokala v\u00e4derprognoser och l\u00e4get i trafiken f\u00f6r b\u00e5de v\u00e4g och j\u00e4rnv\u00e4g i V\u00e4sternorrland.&#13;<br \/>\n&#13;<br \/>\nR\u00f6d v\u00e4dervarning fr\u00e5n SMHI&#13;<br \/>\n&#13;<br \/>\n&#13;<br \/>\n&#13;<br \/>\nF\u00f6r mer information lyssna p\u00e5 Sveriges Radio P4 V\u00e4sternorrland.<\/p>\n","protected":false},"excerpt":{"rendered":"Det h\u00e4r \u00e4r s\u00e4ndningsledningen p\u00e5 Sveriges Radio med ett viktigt meddelande till allm\u00e4nheten i V\u00e4sternorrlands l\u00e4n. Med anledning&hellip;\n","protected":false},"author":2,"featured_media":129613,"comment_status":"","ping_status":"","sticky":false,"template":"","format":"standard","meta":{"footnotes":""},"categories":[65],"tags":[13318,4653,13317,72,3429,70,71,16,13316,34,31,33,785,32,30],"class_list":{"0":"post-129612","1":"post","2":"type-post","3":"status-publish","4":"format-standard","5":"has-post-thumbnail","7":"category-ekonomi","8":"tag-lvsborg","9":"tag-aktualiteter","10":"tag-bohusln","11":"tag-business","12":"tag-dalsland","13":"tag-economy","14":"tag-ekonomi","15":"tag-nyheter","16":"tag-p4-vst","17":"tag-se","18":"tag-svenska","19":"tag-sverige","20":"tag-sveriges-radio","21":"tag-sweden","22":"tag-swedish"},"share_on_mastodon":{"url":"https:\/\/pubeurope.com\/@se\/115859675305327213","error":""},"_links":{"self":[{"href":"https:\/\/www.europesays.com\/se\/wp-json\/wp\/v2\/posts\/129612","targetHints":{"allow":["GET"]}}],"collection":[{"href":"https:\/\/www.europesays.com\/se\/wp-json\/wp\/v2\/posts"}],"about":[{"href":"https:\/\/www.europesays.com\/se\/wp-json\/wp\/v2\/types\/post"}],"author":[{"embeddable":true,"href":"https:\/\/www.europesays.com\/se\/wp-json\/wp\/v2\/users\/2"}],"replies":[{"embeddable":true,"href":"https:\/\/www.europesays.com\/se\/wp-json\/wp\/v2\/comments?post=129612"}],"version-history":[{"count":0,"href":"https:\/\/www.europesays.com\/se\/wp-json\/wp\/v2\/posts\/129612\/revisions"}],"wp:featuredmedia":[{"embeddable":true,"href":"https:\/\/www.europesays.com\/se\/wp-json\/wp\/v2\/media\/129613"}],"wp:attachment":[{"href":"https:\/\/www.europesays.com\/se\/wp-json\/wp\/v2\/media?parent=129612"}],"wp:term":[{"taxonomy":"category","embeddable":true,"href":"https:\/\/www.europesays.com\/se\/wp-json\/wp\/v2\/categories?post=129612"},{"taxonomy":"post_tag","embeddable":true,"href":"https:\/\/www.europesays.com\/se\/wp-json\/wp\/v2\/tags?post=129612"}],"curies":[{"name":"wp","href":"https:\/\/api.w.org\/{rel}","templated":true}]}}