{"id":129614,"date":"2026-01-08T13:18:06","date_gmt":"2026-01-08T13:18:06","guid":{"rendered":"https:\/\/www.europesays.com\/se\/129614\/"},"modified":"2026-01-08T13:18:06","modified_gmt":"2026-01-08T13:18:06","slug":"vaxande-kritik-mot-trumps-krav-pa-gronland","status":"publish","type":"post","link":"https:\/\/www.europesays.com\/se\/129614\/","title":{"rendered":"V\u00e4xande kritik mot Trumps krav p\u00e5 Gr\u00f6nland"},"content":{"rendered":"<p dir=\"ltr\">Efter att USA:s president Donald Trump p\u00e5 s\u00f6ndagen kr\u00e4vde att f\u00e5\u00a0<a href=\"https:\/\/europaportalen.se\/2026\/01\/danmark-rasar-efter-trumps-gronlandskrav-far-europeiskt-stod\" rel=\"nofollow noopener\" target=\"_blank\">kontroll \u00f6ver Gr\u00f6nland<\/a>, n\u00e5got som st\u00f6tte p\u00e5 stark\u00a0<a href=\"https:\/\/www.europaportalen.se\/notis\/2026\/01\/stora-natolander-sluter-upp-bakom-danmark-universella-principer\" rel=\"nofollow noopener\" target=\"_blank\">europeisk kritik<\/a>, sade Vita Huset p\u00e5 onsdagen att Trump och hans s\u00e4kerhetsteam nu diskuterar ett potentiellt k\u00f6p av Gr\u00f6nland.\u00a0 Pressekreterare Karoline Leavitt upprepade st\u00e5ndpunkten att Trump ser kontroll \u00f6ver \u00f6n som n\u00f6dv\u00e4ndig f\u00f6r USA:s s\u00e4kerhet i Arktis.<\/p>\n<p dir=\"ltr\">\u2013 Presidenten har varit mycket \u00f6ppen och tydlig med att han ser det som i USA:s b\u00e4sta intresse att avskr\u00e4cka rysk och kinesisk aggression i den arktiska regionen, sade Leavitt,\u00a0<a href=\"https:\/\/www.bbc.com\/news\/articles\/cly39pgmvrzo\" rel=\"nofollow noopener\" target=\"_blank\">enligt BBC<\/a>.<\/p>\n<p dir=\"ltr\">Hon upprepade att alla alternativ alltid finns p\u00e5 bordet f\u00f6r Trump, men betonade att hans f\u00f6rstahandsval alltid har varit diplomati.<\/p>\n<p dir=\"ltr\">USA:s utrikesminister Marco Rubio har samtidigt meddelat att han ska m\u00f6ta danska och gr\u00f6nl\u00e4ndska representanter i n\u00e4sta vecka. Rubio ville vid en presskonferens inte utesluta milit\u00e4rt v\u00e5ld.<\/p>\n<p dir=\"ltr\">\u2013 Jag talar inte om Danmark eller milit\u00e4r intervention. Jag tr\u00e4ffar dem n\u00e4sta vecka. Vi kommer att ha de samtalen med dem d\u00e5, sade Rubio,\u00a0<a href=\"https:\/\/www.ft.com\/content\/e4f1a793-ef4c-4a4f-91ab-227f3b415d5d\" rel=\"nofollow noopener\" target=\"_blank\">skriver Financial Times<\/a>.<\/p>\n<p dir=\"ltr\">Internt till den amerikanska kongressen har Rubio dock\u00a0<a href=\"https:\/\/www.wsj.com\/politics\/national-security\/rubio-tells-lawmakers-trump-aims-to-buy-greenland-downplays-military-action-5c94e05c\" rel=\"nofollow noopener\" target=\"_blank\">enligt Wall Street Journal<\/a> tonat ned m\u00f6jligheten till milit\u00e4r aktion. Vid en sluten genomg\u00e5ng p\u00e5 m\u00e5ndagen f\u00f6r kongressledningen sade utrikesministern att administrationens m\u00e5l \u00e4r att k\u00f6pa Gr\u00f6nland fr\u00e5n Danmark, inte att genomf\u00f6ra en invasion, enligt personer med insyn i m\u00f6tet.<\/p>\n<p dir=\"ltr\">Rubios uttalanden kom efter att den demokratiske senatsledaren Chuck Schumer fr\u00e5gade om administrationen planerade att anv\u00e4nda milit\u00e4rt v\u00e5ld \u00e4ven p\u00e5 andra platser, bland annat Gr\u00f6nland. Skillnaden mellan den offentliga retoriken och den interna kommunikationen tyder p\u00e5 att USA:s utspel delvis \u00e4r f\u00f6rhandlingstaktik, enligt Wall Street Journal.<\/p>\n<p dir=\"ltr\">Tre huvudsakliga v\u00e4gar diskuteras<br \/>I b\u00e5de amerikanska och europeiska medier diskuteras tre huvudsakliga scenarier f\u00f6r hur USA skulle kunna f\u00e5 kontroll \u00f6ver Gr\u00f6nland.<\/p>\n<p dir=\"ltr\">Det f\u00f6rsta alternativet inneb\u00e4r en ut\u00f6kad amerikansk milit\u00e4r n\u00e4rvaro inom ramen f\u00f6r det nuvarande f\u00f6rsvarsavtalet fr\u00e5n 1951. Danmark har\u00a0<a href=\"https:\/\/www.ft.com\/content\/2f060be5-5ba1-4442-b5c8-698d02d429c6\" rel=\"nofollow noopener\" target=\"_blank\">enligt Financial Times<\/a> upprepade g\u00e5nger erbjudit USA fler baser p\u00e5 \u00f6n, men f\u00e5tt ljummet mottagande. I dag har USA endast omkring 150 soldater p\u00e5 Pituffik Space Base, den enda kvarvarande av de 50 baser i varierande storlek och betydelse som USA hade p\u00e5 Gr\u00f6nland under kalla kriget.<\/p>\n<p dir=\"ltr\">Det andra scenariot bygger p\u00e5 att Gr\u00f6nland blir sj\u00e4lvst\u00e4ndigt och sedan tecknar ett s\u00e5 kallat &#8221;compact of free association&#8221; med USA, liknande de avtal USA har med tre Stillahavsstater. Ett s\u00e5dant avtal skulle ge USA exklusiv milit\u00e4r tillg\u00e5ng i utbyte mot ekonomiskt st\u00f6d. Enligt Financial Times skulle det kosta USA stora summor i subventioner f\u00f6r att driva Gr\u00f6nlands ekonomi, som i dag f\u00e5r omkring 700 miljoner dollar \u00e5rligen fr\u00e5n Danmark.<\/p>\n<p dir=\"ltr\">Det tredje och mest extrema alternativet \u00e4r direkt annektering, med eller utan milit\u00e4rt v\u00e5ld. Danmark har bekr\u00e4ftat f\u00f6r danska medier att landets f\u00f6rsvarsledning har instruktioner fr\u00e5n 1952 som kr\u00e4ver att soldater omedelbart ska inleda strid om danskt territorium angrips, \u00e4ven utan formell krigsf\u00f6rklaring.<\/p>\n<p dir=\"ltr\"><strong>Europeiskt motst\u00e5nd v\u00e4xer<\/strong><br \/>Flera europeiska l\u00e4nder har de senaste dagarna intensifierat arbetet med att formulera ett gemensamt svar p\u00e5 Trumps hot.<\/p>\n<p dir=\"ltr\">Frankrikes utrikesminister Jean-No\u00ebl Barrot sade p\u00e5 onsdagen att han tillsammans med sina tyska och polska kollegor arbetar med en handlingsplan f\u00f6r att st\u00e4rka Europa mot hot mot dess s\u00e4kerhet och intressen. Han betonade att Gr\u00f6nland varken \u00e4r till salu eller kan tas.<\/p>\n<p dir=\"ltr\">\u2013 Gr\u00f6nland \u00e4r inte till salu eller till att ta. Tiden n\u00e4r man kunde k\u00f6pa och s\u00e4lja Louisiana \u00e4r \u00f6ver, s\u00e5 hoten m\u00e5ste upph\u00f6ra, sade Barrot.<\/p>\n<p dir=\"ltr\">I EU-parlamentet diskuteras hur unionen kan anv\u00e4nda sin ekonomiska makt f\u00f6r att p\u00e5verka USA. Bernd Lange, ordf\u00f6rande i parlamentets handelsutskott, p\u00e5pekade att EU har betydande handelsmakt gentemot USA.<\/p>\n<p dir=\"ltr\">\u2013 Vi har export till USA p\u00e5 lite \u00f6ver 600 miljarder euro, och f\u00f6r omkring en tredjedel av dessa varor har vi en marknadsandel p\u00e5 \u00f6ver 50 procent, och det \u00e4r helt klart att detta ocks\u00e5 \u00e4r makten i v\u00e5ra h\u00e4nder, sade Lange\u00a0<a href=\"https:\/\/www.politico.eu\/article\/europe-greenland-donald-trump-policy-makers-military-takeovers\/\" rel=\"nofollow noopener\" target=\"_blank\">till Politico<\/a>.<\/p>\n<p dir=\"ltr\">Han syftade p\u00e5 EU:s s\u00e5 kallade antitv\u00e5ngsinstrument, ett verktyg som till\u00e5ter unionen att vederg\u00e4lda mot handelsdiskriminering. Instrumentet skapades efter Trumps f\u00f6rsta mandatperiod men har \u00e4nnu inte anv\u00e4nts.<\/p>\n<p dir=\"ltr\">Den danske v\u00e4nsterpartistiske EU-parlamentarikern Per Clausen g\u00e5r l\u00e4ngre och samlar underskrifter f\u00f6r att pausa den senaste tulluppg\u00f6relsen med USA,\u00a0<a href=\"https:\/\/www.euractiv.com\/news\/freeze-us-trade-deal-over-trump-greenland-threats-eu-lawmaker-urges\/\" rel=\"nofollow noopener\" target=\"_blank\">skriver Euractiv<\/a>. Han argumenterar att om parlamentet godk\u00e4nner uppg\u00f6relsen medan Trump hotar Gr\u00f6nland kommer det att ses som att man bel\u00f6nar honom. En parlamentsomr\u00f6stning om uppg\u00f6relsen v\u00e4ntas i februari.<\/p>\n<p dir=\"ltr\">Kommissionsordf\u00f6rande Ursula von der Leyen h\u00e4nvisade till stoicismen, l\u00e4ran om behovet av lugn och sj\u00e4lvbeh\u00e4rskning, n\u00e4r hon talade vid invigningen av Cyperns ordf\u00f6randeskap i EU:s ministerr\u00e5d.<\/p>\n<p dir=\"ltr\">\u2013 Stoicismen l\u00e4r oss att inte frukta utmaningar, utan att m\u00f6ta dem med klarhet och beslutsamhet, sade von der Leyen.<\/p>\n<p dir=\"ltr\">Hon betonade att principen om att lagen \u00e4r starkare \u00e4n v\u00e5ld g\u00e4ller &#8221;inte bara f\u00f6r v\u00e5r union, utan lika mycket f\u00f6r Gr\u00f6nland&#8221;.<\/p>\n<p dir=\"ltr\">Europeiska r\u00e5dets ordf\u00f6rande Ant\u00f3nio Costa sade att det \u00e4r fullst\u00e4ndigt klart att Gr\u00f6nland tillh\u00f6r dess folk och att ingenting kan beslutas om Danmark och Gr\u00f6nland utan Danmark eller utan Gr\u00f6nland.<\/p>\n<p dir=\"ltr\">\u2013 Europeiska unionen kan inte acceptera brott mot internationell r\u00e4tt, vare sig det g\u00e4ller Cypern, Latinamerika, Gr\u00f6nland, Ukraina eller Gaza, sade Costa.<\/p>\n<p dir=\"ltr\"><strong>Motst\u00e5nd \u00e4ven i USA<\/strong><\/p>\n<p dir=\"ltr\">Samtidigt v\u00e4xer ocks\u00e5 kritiken mot Trump i hans eget republikanska parti. Senatorn Mitch McConnell varnade f\u00f6r att anv\u00e4ndning av milit\u00e4rt v\u00e5ld mot Gr\u00f6nland skulle vara &#8221;en s\u00e4rskilt katastrofal handling av strategisk sj\u00e4lvskada f\u00f6r USA och dess globala inflytande&#8221;,\u00a0<a href=\"https:\/\/www.politico.com\/news\/2026\/01\/07\/gop-lawmakers-denounce-trump-seize-greenland-00714611\" rel=\"nofollow noopener\" target=\"_blank\">skriver Politico<\/a>.<\/p>\n<p dir=\"ltr\">\u2013 Hot och skr\u00e4msel fr\u00e5n amerikanska tj\u00e4nstem\u00e4n om amerikanskt \u00e4gande av Gr\u00f6nland \u00e4r lika ol\u00e4mpliga som de \u00e4r kontraproduktiva, sade McConnell i ett uttalande.<\/p>\n<p dir=\"ltr\">Senatorn Roger Wicker, ordf\u00f6rande i senatens f\u00f6rsvarsutskott, sade att fr\u00e5gan helt enkelt b\u00f6r l\u00e4ggas ned. \u00c4ven senatorn John Curtis skrev p\u00e5 X att anv\u00e4ndning av milit\u00e4r &#8221;inte \u00e4r l\u00e4mplig, inte n\u00f6dv\u00e4ndig och inget jag kommer att st\u00f6dja&#8221;.<\/p>\n<p dir=\"ltr\">Republikanen Don Bacon kallade Gr\u00f6nlandsplanerna f\u00f6r en av de &#8221;dummaste&#8221; sakerna han h\u00f6rt fr\u00e5n Vita huset p\u00e5 ett \u00e5r. Senatorn John Kennedy sade efter en genomg\u00e5ng av Rubio att \u00e4ven &#8221;en m\u00e5ttligt intelligent niondeklassare&#8221; skulle f\u00f6rst\u00e5 att en invasion av Gr\u00f6nland vore &#8221;ofattbart dumt&#8221;.<\/p>\n<p dir=\"ltr\">Talmannen republikanen Mike Johnson sade p\u00e5 onsdagen att han inte ens tror att milit\u00e4r aktion \u00e4r en m\u00f6jlighet.<\/p>\n<p dir=\"ltr\">\u2013 Jag tror inte att n\u00e5gon seri\u00f6st \u00f6verv\u00e4ger det, och i kongressen g\u00f6r vi definitivt inte det, sade Johnson.<\/p>\n<p dir=\"ltr\">Danmarks f\u00f6rsvarsminister Troels Lund Poulsen v\u00e4lkomnade det planerade m\u00f6tet med Rubio och sade till\u00a0<a href=\"https:\/\/www.dr.dk\/nyheder\/indland\/groenland\/live-storpolitisk-drama-mellem-usa-danmark-og-groenland?focusId=10815714\" rel=\"nofollow noopener\" target=\"_blank\">danska DR<\/a> att det \u00e4r den dialog som beh\u00f6vs.<\/p>\n<p dir=\"ltr\">\u2013 Det h\u00e4r \u00e4r den dialog som beh\u00f6vs, som regeringen har beg\u00e4rt tillsammans med den gr\u00f6nl\u00e4ndska regeringen, sade Poulsen.<\/p>\n<p dir=\"ltr\">M\u00f6tet mellan Danmark och USA v\u00e4ntas h\u00e5llas n\u00e5gon g\u00e5ng under n\u00e4sta vecka, men exakt tid och plats har inte meddelats.<\/p>\n","protected":false},"excerpt":{"rendered":"Efter att USA:s president Donald Trump p\u00e5 s\u00f6ndagen kr\u00e4vde att f\u00e5\u00a0kontroll \u00f6ver Gr\u00f6nland, n\u00e5got som st\u00f6tte p\u00e5 stark\u00a0europeisk&hellip;\n","protected":false},"author":2,"featured_media":129615,"comment_status":"","ping_status":"","sticky":false,"template":"","format":"standard","meta":{"footnotes":""},"categories":[14],"tags":[22,23,26,27,17,21,24,25,28,29,15,16,18,34,31,33,32,30,19,20,51,52,53,54],"class_list":{"0":"post-129614","1":"post","2":"type-post","3":"status-publish","4":"format-standard","5":"has-post-thumbnail","7":"category-varlden","8":"tag-breaking-news","9":"tag-breakingnews","10":"tag-featured-news","11":"tag-featurednews","12":"tag-headlines","13":"tag-huvudnyheter","14":"tag-latest-news","15":"tag-latestnews","16":"tag-main-news","17":"tag-mainnews","18":"tag-news","19":"tag-nyheter","20":"tag-rubriker","21":"tag-se","22":"tag-svenska","23":"tag-sverige","24":"tag-sweden","25":"tag-swedish","26":"tag-top-stories","27":"tag-topstories","28":"tag-varlden","29":"tag-world","30":"tag-world-news","31":"tag-worldnews"},"share_on_mastodon":{"url":"https:\/\/pubeurope.com\/@se\/115859679108238731","error":""},"_links":{"self":[{"href":"https:\/\/www.europesays.com\/se\/wp-json\/wp\/v2\/posts\/129614","targetHints":{"allow":["GET"]}}],"collection":[{"href":"https:\/\/www.europesays.com\/se\/wp-json\/wp\/v2\/posts"}],"about":[{"href":"https:\/\/www.europesays.com\/se\/wp-json\/wp\/v2\/types\/post"}],"author":[{"embeddable":true,"href":"https:\/\/www.europesays.com\/se\/wp-json\/wp\/v2\/users\/2"}],"replies":[{"embeddable":true,"href":"https:\/\/www.europesays.com\/se\/wp-json\/wp\/v2\/comments?post=129614"}],"version-history":[{"count":0,"href":"https:\/\/www.europesays.com\/se\/wp-json\/wp\/v2\/posts\/129614\/revisions"}],"wp:featuredmedia":[{"embeddable":true,"href":"https:\/\/www.europesays.com\/se\/wp-json\/wp\/v2\/media\/129615"}],"wp:attachment":[{"href":"https:\/\/www.europesays.com\/se\/wp-json\/wp\/v2\/media?parent=129614"}],"wp:term":[{"taxonomy":"category","embeddable":true,"href":"https:\/\/www.europesays.com\/se\/wp-json\/wp\/v2\/categories?post=129614"},{"taxonomy":"post_tag","embeddable":true,"href":"https:\/\/www.europesays.com\/se\/wp-json\/wp\/v2\/tags?post=129614"}],"curies":[{"name":"wp","href":"https:\/\/api.w.org\/{rel}","templated":true}]}}