{"id":129616,"date":"2026-01-08T13:19:22","date_gmt":"2026-01-08T13:19:22","guid":{"rendered":"https:\/\/www.europesays.com\/se\/129616\/"},"modified":"2026-01-08T13:19:22","modified_gmt":"2026-01-08T13:19:22","slug":"skador-pa-tio-miljoner-skogskubikmeter-johannes-kan-vara-varsta-stormen-pa-tio-ar","status":"publish","type":"post","link":"https:\/\/www.europesays.com\/se\/129616\/","title":{"rendered":"Skador p\u00e5 tio miljoner skogskubikmeter \u2022 Johannes kan vara v\u00e4rsta stormen p\u00e5 tio \u00e5r"},"content":{"rendered":"<p><a data-test-tag=\"internal-link\" href=\"https:\/\/www.aftonbladet.se\/av\/christina-nordh\" class=\"hyperion-css-13ns1rr\" rel=\"nofollow noopener\" target=\"\" aria-label=\"Se alla artiklar av Christina Nordh\"><img decoding=\"async\" class=\"image-asset hyperion-css-n6kkq1\" data-test-tag=\"image-asset\" src=\"https:\/\/www.europesays.com\/se\/wp-content\/uploads\/2026\/01\/1767878362_427_3f1c9fd4-95cb-4dbf-8bea-120cdb20cf2f.jpeg\"  alt=\"\"  loading=\"lazy\" fetchpriority=\"auto\" style=\"aspect-ratio:1900 \/ 1900\"\/><\/a><\/p>\n<p class=\"boxtextgrotesk-root_baa6 hyperion-css-7pajle\">Uppdaterad 14.07 | Publicerad 14.03<\/p>\n<p>share-arrowDela<\/p>\n<p>unsaveSpara<\/p>\n<p>expand-left<\/p>\n<p>helsk\u00e4rm<img decoding=\"async\" class=\"image-asset hyperion-css-u06ts1\" data-test-tag=\"image-asset\" src=\"https:\/\/www.europesays.com\/se\/wp-content\/uploads\/2026\/01\/861b5c89-5e54-44fd-a55b-86a7185dc3c8.jpeg\"  alt=\"Skadad skog i V\u00e4sternorrland efter stormen Johannes.\"  loading=\"eager\" fetchpriority=\"high\" style=\"aspect-ratio:960 \/ 540\"\/>Skadad skog i V\u00e4sternorrland efter stormen Johannes. Foto: Magnus Martinsson\/Skogsstyrelsen<\/p>\n<p class=\"hyperion-css-1shl3oz\" data-test-tag=\"lead-text\">Runt tio miljoner skogskubikmeter kan ha fallit i stormen Johannes, enligt Skogsbruket och Skogsstyrelsen.<\/p>\n<p class=\"hyperion-css-1shl3oz\" data-test-tag=\"lead-text\">\u2013 Johannes \u00e4r den enskilt st\u00f6rsta stormen som drabbat skogs\u00e4gare i Sverige p\u00e5 tio \u00e5r, s\u00e4ger Magnus Martinsson, skadesamordnare p\u00e5 Skogsstyrelsen.<\/p>\n<p class=\"hyperion-css-1v9qo5x\">Stormen Johannes drog in \u00f6ver norra och mellersta Sverige den 27\u201328 december 2025. Den f\u00f6ljdes strax d\u00e4refter av ov\u00e4dret Anna som har f\u00f6rv\u00e4rrat situationen. Stormen har orsakat skador p\u00e5 skog fr\u00e5n Norrbotten ner till norra Uppland, men h\u00e5rdast drabbat \u00e4r Dalarnas och G\u00e4vleborgs l\u00e4n, enligt ett pressmeddelande.<\/p>\n<p class=\"hyperion-css-1v9qo5x\">Framf\u00f6r allt r\u00f6r det sig om hela tr\u00e4d som fallit, men stormen har \u00e4ven orsakat kn\u00e4ckta stammar p\u00e5 en del h\u00e5ll. Skadorna finns fr\u00e4mst i omr\u00e5den som nyligen gallrats, i kanter till hyggen och i kantzoner. <\/p>\n","protected":false},"excerpt":{"rendered":"Uppdaterad 14.07 | Publicerad 14.03 share-arrowDela unsaveSpara expand-left helsk\u00e4rmSkadad skog i V\u00e4sternorrland efter stormen Johannes. Foto: Magnus Martinsson\/Skogsstyrelsen&hellip;\n","protected":false},"author":2,"featured_media":129617,"comment_status":"","ping_status":"","sticky":false,"template":"","format":"standard","meta":{"footnotes":""},"categories":[12],"tags":[22,23,26,27,17,21,24,25,28,29,15,16,18,34,31,33,32,30,19,20],"class_list":{"0":"post-129616","1":"post","2":"type-post","3":"status-publish","4":"format-standard","5":"has-post-thumbnail","7":"category-sverige","8":"tag-breaking-news","9":"tag-breakingnews","10":"tag-featured-news","11":"tag-featurednews","12":"tag-headlines","13":"tag-huvudnyheter","14":"tag-latest-news","15":"tag-latestnews","16":"tag-main-news","17":"tag-mainnews","18":"tag-news","19":"tag-nyheter","20":"tag-rubriker","21":"tag-se","22":"tag-svenska","23":"tag-sverige","24":"tag-sweden","25":"tag-swedish","26":"tag-top-stories","27":"tag-topstories"},"share_on_mastodon":{"url":"https:\/\/pubeurope.com\/@se\/115859682987078164","error":""},"_links":{"self":[{"href":"https:\/\/www.europesays.com\/se\/wp-json\/wp\/v2\/posts\/129616","targetHints":{"allow":["GET"]}}],"collection":[{"href":"https:\/\/www.europesays.com\/se\/wp-json\/wp\/v2\/posts"}],"about":[{"href":"https:\/\/www.europesays.com\/se\/wp-json\/wp\/v2\/types\/post"}],"author":[{"embeddable":true,"href":"https:\/\/www.europesays.com\/se\/wp-json\/wp\/v2\/users\/2"}],"replies":[{"embeddable":true,"href":"https:\/\/www.europesays.com\/se\/wp-json\/wp\/v2\/comments?post=129616"}],"version-history":[{"count":0,"href":"https:\/\/www.europesays.com\/se\/wp-json\/wp\/v2\/posts\/129616\/revisions"}],"wp:featuredmedia":[{"embeddable":true,"href":"https:\/\/www.europesays.com\/se\/wp-json\/wp\/v2\/media\/129617"}],"wp:attachment":[{"href":"https:\/\/www.europesays.com\/se\/wp-json\/wp\/v2\/media?parent=129616"}],"wp:term":[{"taxonomy":"category","embeddable":true,"href":"https:\/\/www.europesays.com\/se\/wp-json\/wp\/v2\/categories?post=129616"},{"taxonomy":"post_tag","embeddable":true,"href":"https:\/\/www.europesays.com\/se\/wp-json\/wp\/v2\/tags?post=129616"}],"curies":[{"name":"wp","href":"https:\/\/api.w.org\/{rel}","templated":true}]}}