{"id":129618,"date":"2026-01-08T13:20:07","date_gmt":"2026-01-08T13:20:07","guid":{"rendered":"https:\/\/www.europesays.com\/se\/129618\/"},"modified":"2026-01-08T13:20:07","modified_gmt":"2026-01-08T13:20:07","slug":"usa-drar-sig-ur-viktigt-klimatavtal","status":"publish","type":"post","link":"https:\/\/www.europesays.com\/se\/129618\/","title":{"rendered":"USA drar sig ur viktigt klimatavtal"},"content":{"rendered":"<p>President Donald Trump har tidigare gett sin regering i uppdrag att se \u00f6ver deltagandet i internationella organ. P\u00e5 onsdagen undertecknade han en order som upph\u00e4ver st\u00f6det f\u00f6r flera av dem.<\/p>\n<p>Bland de organ USA l\u00e4mnar finns FN:s befolkningsfond UNFPA och ramkonventionen om klimatf\u00f6r\u00e4ndringar (UNFCCC) som ligger till grund f\u00f6r alla st\u00f6rre internationella klimatavtal.<\/p>\n","protected":false},"excerpt":{"rendered":"President Donald Trump har tidigare gett sin regering i uppdrag att se \u00f6ver deltagandet i internationella organ. P\u00e5&hellip;\n","protected":false},"author":2,"featured_media":129619,"comment_status":"","ping_status":"","sticky":false,"template":"","format":"standard","meta":{"footnotes":""},"categories":[5],"tags":[22,23,26,27,17,21,24,25,28,29,15,16,18,34,31,33,32,30,19,20],"class_list":{"0":"post-129618","1":"post","2":"type-post","3":"status-publish","4":"format-standard","5":"has-post-thumbnail","7":"category-rubriker","8":"tag-breaking-news","9":"tag-breakingnews","10":"tag-featured-news","11":"tag-featurednews","12":"tag-headlines","13":"tag-huvudnyheter","14":"tag-latest-news","15":"tag-latestnews","16":"tag-main-news","17":"tag-mainnews","18":"tag-news","19":"tag-nyheter","20":"tag-rubriker","21":"tag-se","22":"tag-svenska","23":"tag-sverige","24":"tag-sweden","25":"tag-swedish","26":"tag-top-stories","27":"tag-topstories"},"share_on_mastodon":{"url":"https:\/\/pubeurope.com\/@se\/115859686858346113","error":""},"_links":{"self":[{"href":"https:\/\/www.europesays.com\/se\/wp-json\/wp\/v2\/posts\/129618","targetHints":{"allow":["GET"]}}],"collection":[{"href":"https:\/\/www.europesays.com\/se\/wp-json\/wp\/v2\/posts"}],"about":[{"href":"https:\/\/www.europesays.com\/se\/wp-json\/wp\/v2\/types\/post"}],"author":[{"embeddable":true,"href":"https:\/\/www.europesays.com\/se\/wp-json\/wp\/v2\/users\/2"}],"replies":[{"embeddable":true,"href":"https:\/\/www.europesays.com\/se\/wp-json\/wp\/v2\/comments?post=129618"}],"version-history":[{"count":0,"href":"https:\/\/www.europesays.com\/se\/wp-json\/wp\/v2\/posts\/129618\/revisions"}],"wp:featuredmedia":[{"embeddable":true,"href":"https:\/\/www.europesays.com\/se\/wp-json\/wp\/v2\/media\/129619"}],"wp:attachment":[{"href":"https:\/\/www.europesays.com\/se\/wp-json\/wp\/v2\/media?parent=129618"}],"wp:term":[{"taxonomy":"category","embeddable":true,"href":"https:\/\/www.europesays.com\/se\/wp-json\/wp\/v2\/categories?post=129618"},{"taxonomy":"post_tag","embeddable":true,"href":"https:\/\/www.europesays.com\/se\/wp-json\/wp\/v2\/tags?post=129618"}],"curies":[{"name":"wp","href":"https:\/\/api.w.org\/{rel}","templated":true}]}}