{"id":129622,"date":"2026-01-08T13:24:09","date_gmt":"2026-01-08T13:24:09","guid":{"rendered":"https:\/\/www.europesays.com\/se\/129622\/"},"modified":"2026-01-08T13:24:09","modified_gmt":"2026-01-08T13:24:09","slug":"microsoft-kan-visa-upp-ny-xbox-hardvara-2026-inklusive-nasta-generations-kontroller-och-xbox-elite-controller-series-3-techradar","status":"publish","type":"post","link":"https:\/\/www.europesays.com\/se\/129622\/","title":{"rendered":"Microsoft kan visa upp ny Xbox-h\u00e5rdvara 2026 \u2013 inklusive n\u00e4sta generations kontroller och Xbox Elite Controller Series 3 &#8211; TechRadar"},"content":{"rendered":"<ol>\n<li><a href=\"https:\/\/news.google.com\/rss\/articles\/CBMi-AFBVV95cUxNQTRpVnRJdVpvNURsOHAzSmQxVFJROTBXaEdyUGs2bm1mUEszbWxHMHpnYlo5b3NoZHptWUpPU2hSeEVMdzBFSkVEUm5pdWpSeG1yVWdIdjlrZl9FUFNPbHhzYW14UURlejdVcEc4cW5LZmNEQXZ5M2hDS0VHWl9RTGZ4Nkw4b0hyU09MQko4eDM5cVVkZ3o3MUJad0xIWWw2SFhLWWFlT3dyVW9fdHBzckNXSkZvLWZOTXdGeExSbElpdWhFOVpDcXdBM1h0YVFBQzgzZVRHXy1aME1zSkpJTEZKLVZ1OUxHY1pXQlVWVHozZHd6VUlZNg?oc=5\" target=\"_blank\" rel=\"nofollow noopener\">Microsoft kan visa upp ny Xbox-h\u00e5rdvara 2026 \u2013 inklusive n\u00e4sta generations kontroller och Xbox Elite Controller Series 3<\/a>&nbsp;&nbsp;TechRadar<\/li>\n<li><a href=\"https:\/\/news.google.com\/rss\/articles\/CBMimgFBVV95cUxORFBWNWR6QzU2Y2RXUzU1Y0hBMWtScWlTMWU0RFpXdk8tb29aa2NTa09EMG5iUG5yNEpsbjlqSnk4QVNnMmNNY3padEpzQ3ViZHdfWjAxSlJGSGZFazhpUGl1QzhySlNseUtlYlhObnZZUk90U2pFbVNqbGtvaENsX1RWZno1bEkwWHJRNm9HVGF4TkFzRVdxNWJ3?oc=5\" target=\"_blank\" rel=\"nofollow noopener\">N\u00e4sta Xbox s\u00e4gs k\u00f6ra Windows &#8211; blir i praktiken en speldator<\/a>&nbsp;&nbsp;Gamereactor<\/li>\n<li><a href=\"https:\/\/news.google.com\/rss\/articles\/CBMi0gFBVV95cUxQVVJmWk9aMTR0QV9Lb1hBWk1Xclk2ODE3bUtYSU5sS2lMWFJFSlhSSGEtbm01WmVYSWFRM0xLVmUyYm9vNWw1Znd0RTNIWGFGVmcxX0UxZ2JneWVmODlWWjV5LVNvUVExUi1COE5EaVR1YTkydjAyOUZRdEJ3eVE5TW9tcEV0T2thTHEyWlR5TEUzUVNiWjM5dHFGaE56dE1xazNWbmo0WERxUERoeTQxNWV1SkhwYmZaOHlaN0d6alNMYW55SUVuYjBZMnlyYVZjeWc?oc=5\" target=\"_blank\" rel=\"nofollow noopener\">N\u00e4sta Xbox-konsol ryktas vara en Windows PC, men Microsoft kan debutera annan h\u00e5rdvara 2026<\/a>&nbsp;&nbsp;notebookcheck.se<\/li>\n<li><a href=\"https:\/\/news.google.com\/rss\/articles\/CBMihgFBVV95cUxNQWZKOWp4ZjJUdWpzU0VoNDR1bTVYRlZ3M3VsaXFKXzBMU0NpQmRNVTBxOVpkTV83VmpPdDMtSzBHOGtSMS1nWW5nLTk5ekVzdFJxRXhHZnRVSXh2SHpTX1pnSDhrdndsOUN0QXZLenN0UEFaYWg5YVVoSFlEN1FRZUkzbDUtQQ?oc=5\" target=\"_blank\" rel=\"nofollow noopener\">Ny Xbox-h\u00e5rdvara kan vara p\u00e5 v\u00e4g redan i \u00e5r<\/a>&nbsp;&nbsp;Gamereactor<\/li>\n<\/ol>\n","protected":false},"excerpt":{"rendered":"Microsoft kan visa upp ny Xbox-h\u00e5rdvara 2026 \u2013 inklusive n\u00e4sta generations kontroller och Xbox Elite Controller Series 3&nbsp;&nbsp;TechRadar&hellip;\n","protected":false},"author":2,"featured_media":1096,"comment_status":"","ping_status":"","sticky":false,"template":"","format":"standard","meta":{"footnotes":""},"categories":[66],"tags":[80,78,79,34,31,33,32,30,81,84,83,82],"class_list":{"0":"post-129622","1":"post","2":"type-post","3":"status-publish","4":"format-standard","5":"has-post-thumbnail","7":"category-vetenskap-och-teknik","8":"tag-science","9":"tag-science-and-technology","10":"tag-scienceandtechnology","11":"tag-se","12":"tag-svenska","13":"tag-sverige","14":"tag-sweden","15":"tag-swedish","16":"tag-technology","17":"tag-teknik","18":"tag-vetenskap","19":"tag-vetenskapteknik"},"share_on_mastodon":{"url":"https:\/\/pubeurope.com\/@se\/115859702647099270","error":""},"_links":{"self":[{"href":"https:\/\/www.europesays.com\/se\/wp-json\/wp\/v2\/posts\/129622","targetHints":{"allow":["GET"]}}],"collection":[{"href":"https:\/\/www.europesays.com\/se\/wp-json\/wp\/v2\/posts"}],"about":[{"href":"https:\/\/www.europesays.com\/se\/wp-json\/wp\/v2\/types\/post"}],"author":[{"embeddable":true,"href":"https:\/\/www.europesays.com\/se\/wp-json\/wp\/v2\/users\/2"}],"replies":[{"embeddable":true,"href":"https:\/\/www.europesays.com\/se\/wp-json\/wp\/v2\/comments?post=129622"}],"version-history":[{"count":0,"href":"https:\/\/www.europesays.com\/se\/wp-json\/wp\/v2\/posts\/129622\/revisions"}],"wp:featuredmedia":[{"embeddable":true,"href":"https:\/\/www.europesays.com\/se\/wp-json\/wp\/v2\/media\/1096"}],"wp:attachment":[{"href":"https:\/\/www.europesays.com\/se\/wp-json\/wp\/v2\/media?parent=129622"}],"wp:term":[{"taxonomy":"category","embeddable":true,"href":"https:\/\/www.europesays.com\/se\/wp-json\/wp\/v2\/categories?post=129622"},{"taxonomy":"post_tag","embeddable":true,"href":"https:\/\/www.europesays.com\/se\/wp-json\/wp\/v2\/tags?post=129622"}],"curies":[{"name":"wp","href":"https:\/\/api.w.org\/{rel}","templated":true}]}}