{"id":129625,"date":"2026-01-08T13:26:17","date_gmt":"2026-01-08T13:26:17","guid":{"rendered":"https:\/\/www.europesays.com\/se\/129625\/"},"modified":"2026-01-08T13:26:17","modified_gmt":"2026-01-08T13:26:17","slug":"over-en-miljon-utan-vatten-och-varme-i-ukraina","status":"publish","type":"post","link":"https:\/\/www.europesays.com\/se\/129625\/","title":{"rendered":"\u00d6ver en miljon utan vatten och v\u00e4rme i Ukraina"},"content":{"rendered":"<p class=\"boxtextgrotesk-root_baa6 hyperion-css-7pajle\">Uppdaterad 10.01 | Publicerad 04.36<\/p>\n<p>share-arrowDela<\/p>\n<p>unsaveSpara<\/p>\n<p>expand-left<\/p>\n<p>helsk\u00e4rm<img decoding=\"async\" class=\"image-asset hyperion-css-u06ts1\" data-test-tag=\"image-asset\" src=\"https:\/\/www.europesays.com\/se\/wp-content\/uploads\/2026\/01\/776bc336-dccc-494a-bfd9-6c93de60180e.jpeg\"  alt=\"Arkivbild p\u00e5 kraftledningar i Ukraina.\"  loading=\"eager\" fetchpriority=\"high\" style=\"aspect-ratio:1900 \/ 1267\"\/>Arkivbild p\u00e5 kraftledningar i Ukraina. Foto: Andrew Kravchenko\/AP\/TT<\/p>\n<p class=\"hyperion-css-1shl3oz\" data-test-tag=\"lead-text\">\u00d6ver en miljon m\u00e4nniskor \u00e4r utan vatten och uppv\u00e4rmning i ukrainska Dnipropetrovsk efter ryska dr\u00f6narattacker, uppger en minister.<\/p>\n<p class=\"hyperion-css-1v9qo5x\">\u201dReparationsarbetet forts\u00e4tter i Dnipropetrovskregionen f\u00f6r att \u00e5terst\u00e4lla v\u00e4rme- och vattenf\u00f6rs\u00f6rjningen f\u00f6r \u00f6ver en miljon abonnenter\u201d, skriver Oleksij Kuleba, minister med ansvar f\u00f6r Ukrainas \u00e5teruppbyggnad, i sociala medier.<\/p>\n<p class=\"hyperion-css-1v9qo5x\">\u00c4ven regionen Zaporizjzja har drabbats av omfattande str\u00f6mavbrott, meddelar statliga Ukrenergo som ansvarar f\u00f6r landets stamn\u00e4t.<\/p>\n<p class=\"hyperion-css-1v9qo5x\">Under natten anf\u00f6ll Ryssland Ukraina med n\u00e4rmare 100 dr\u00f6nare, enligt landets luftv\u00e4rn. Av totalt 97 dr\u00f6nare ska ett 70-tal ha skjutits ned, rapporterar nyhetsbyr\u00e5n RBC.<\/p>\n<p class=\"hyperion-css-1v9qo5x\">Nattens angrepp riktades fr\u00e4mst mot just Dnipropetrovsk och Zaporizjzja. I f\u00f6rra veckan evakuerades 3\u00a0000 barn och deras f\u00f6r\u00e4ldrar fr\u00e5n 44 st\u00e4der och byar i de b\u00e5da regionerna.<\/p>\n<p class=\"hyperion-css-1v9qo5x\">Ryssland har intensifierat sina attacker mot Ukrainas energi- och j\u00e4rnv\u00e4gsinfrastruktur. Enligt Kiev \u00e4r det en strategi som syftar till att tr\u00f6tta ut civilbefolkningen.<\/p>\n","protected":false},"excerpt":{"rendered":"Uppdaterad 10.01 | Publicerad 04.36 share-arrowDela unsaveSpara expand-left helsk\u00e4rmArkivbild p\u00e5 kraftledningar i Ukraina. Foto: Andrew Kravchenko\/AP\/TT \u00d6ver en&hellip;\n","protected":false},"author":2,"featured_media":129626,"comment_status":"","ping_status":"","sticky":false,"template":"","format":"standard","meta":{"footnotes":""},"categories":[14],"tags":[22,23,26,27,17,21,24,25,28,29,15,16,18,34,31,33,32,30,19,20,51,52,53,54],"class_list":{"0":"post-129625","1":"post","2":"type-post","3":"status-publish","4":"format-standard","5":"has-post-thumbnail","7":"category-varlden","8":"tag-breaking-news","9":"tag-breakingnews","10":"tag-featured-news","11":"tag-featurednews","12":"tag-headlines","13":"tag-huvudnyheter","14":"tag-latest-news","15":"tag-latestnews","16":"tag-main-news","17":"tag-mainnews","18":"tag-news","19":"tag-nyheter","20":"tag-rubriker","21":"tag-se","22":"tag-svenska","23":"tag-sverige","24":"tag-sweden","25":"tag-swedish","26":"tag-top-stories","27":"tag-topstories","28":"tag-varlden","29":"tag-world","30":"tag-world-news","31":"tag-worldnews"},"share_on_mastodon":{"url":"https:\/\/pubeurope.com\/@se\/115859710541952673","error":""},"_links":{"self":[{"href":"https:\/\/www.europesays.com\/se\/wp-json\/wp\/v2\/posts\/129625","targetHints":{"allow":["GET"]}}],"collection":[{"href":"https:\/\/www.europesays.com\/se\/wp-json\/wp\/v2\/posts"}],"about":[{"href":"https:\/\/www.europesays.com\/se\/wp-json\/wp\/v2\/types\/post"}],"author":[{"embeddable":true,"href":"https:\/\/www.europesays.com\/se\/wp-json\/wp\/v2\/users\/2"}],"replies":[{"embeddable":true,"href":"https:\/\/www.europesays.com\/se\/wp-json\/wp\/v2\/comments?post=129625"}],"version-history":[{"count":0,"href":"https:\/\/www.europesays.com\/se\/wp-json\/wp\/v2\/posts\/129625\/revisions"}],"wp:featuredmedia":[{"embeddable":true,"href":"https:\/\/www.europesays.com\/se\/wp-json\/wp\/v2\/media\/129626"}],"wp:attachment":[{"href":"https:\/\/www.europesays.com\/se\/wp-json\/wp\/v2\/media?parent=129625"}],"wp:term":[{"taxonomy":"category","embeddable":true,"href":"https:\/\/www.europesays.com\/se\/wp-json\/wp\/v2\/categories?post=129625"},{"taxonomy":"post_tag","embeddable":true,"href":"https:\/\/www.europesays.com\/se\/wp-json\/wp\/v2\/tags?post=129625"}],"curies":[{"name":"wp","href":"https:\/\/api.w.org\/{rel}","templated":true}]}}