{"id":129627,"date":"2026-01-08T13:27:20","date_gmt":"2026-01-08T13:27:20","guid":{"rendered":"https:\/\/www.europesays.com\/se\/129627\/"},"modified":"2026-01-08T13:27:20","modified_gmt":"2026-01-08T13:27:20","slug":"hrf-tecknar-avtal-med-strippklubb","status":"publish","type":"post","link":"https:\/\/www.europesays.com\/se\/129627\/","title":{"rendered":"HRF tecknar avtal med strippklubb"},"content":{"rendered":"<p class=\"ingress\">\nHRF har \u00e4ndrat sig och tecknar nu avtal med Chat Noir i G\u00f6teborg. \u2013 Det \u00e4r laglig verksamhet, menar avtalssekreterare Peggy Nyholm.<\/p>\n<p>\nPublicerad 8 januari 2026<\/p>\n<p><img decoding=\"async\" src=\"https:\/\/www.europesays.com\/se\/wp-content\/uploads\/2026\/01\/chatnoir-1130x636.jpg\" alt=\"HRF tecknar avtal med strippklubb\"\/><\/p>\n<p>\nHRF:s avtalssekreterare Peggy Nyholm om v\u00e4gen mot kollektivavtal p\u00e5 Chat Noir i G\u00f6teborg.<br \/>\nFoto: Madeleine Andersson, Google Street View\t\t\t\t\t\t\t\t\t\t\t\t\t\t<\/p>\n<p>HRF har tecknat kollektivavtal med strippklubben Chat Noir i G\u00f6teborg. Enligt avtalssekreterare Peggy Nyholm \u00e4r det ett logiskt beslut:<\/p>\n<p>\u2013 Den svenska modellen \u00e4r enkel. Facket organiserar arbetstagare och tecknar avtal. Vi har medlemmar p\u00e5 Chat Noir, och de vill ha avtal, s\u00e4ger hon och forts\u00e4tter:<\/p>\n<p>\u2013 Vi har varit p\u00e5 platsen, dokumenterat och pratat med personalen om arbetsuppgifterna. H\u00e4r finns entr\u00e9v\u00e4rdar, bartenders, serveringspersonal och garderobi\u00e4rer. Vi organiserar samma grupper p\u00e5 Oscarsteatern, det \u00e4r ingen skillnad. Vi organiserar inte de som st\u00e5r p\u00e5 scenen vare sig d\u00e4r eller h\u00e4r.<\/p>\n<p>L\u00e5ng process<\/p>\n<p>Redan 2019 ville Chat Noir teckna avtal med HRF. D\u00e5 handlade det framf\u00f6r allt om att undvika lagens f\u00f6rbud mot nattarbete genom det mer branschanpassade kollektivavtal som g\u00e4ller f\u00f6r bes\u00f6ksn\u00e4ringen. Men f\u00f6rbundets ledning sa d\u00e5 nej.<\/p>\n<p>\u2013 Anledningen \u00e4r att deras huvudsakliga verksamhet \u00e4r dans och striptease. Det \u00e4r inte v\u00e5rt verksamhetsomr\u00e5de, <a href=\"https:\/\/www.hotellrevyn.se\/strippklubb-ville-ha-hrf-avtal\/\" rel=\"nofollow noopener\" target=\"_blank\">sa HRF:s d\u00e5varande avtalssekreterare till Hotellrevyn<\/a>.<\/p>\n<p>Peggy Nyholm vill inte recensera beslutet fr\u00e5n 2019.<\/p>\n<p>\u2013 Hur tidigare ledning resonerat kan jag inte bed\u00f6ma, det var f\u00f6re min tid. Vi fick fr\u00e5gan om att teckna avtal fr\u00e5n f\u00f6retaget, gjorde en analys av verksamheten och konstaterade att den inte \u00e4r olaglig.<\/p>\n<p>\u00d6kad insyn och m\u00f6jlighet att p\u00e5verka<\/p>\n<p>Peggy Nyholm \u00e4r f\u00f6rberedd p\u00e5 att det kan finnas kritik mot att teckna avtal med en strippklubb.<\/p>\n<p>\u2013 Som sagt, det \u00e4r laglig verksamhet. Om det sedan sker skit bakom st\u00e4ngda d\u00f6rrar kan inte vi ta ansvar f\u00f6r. Det \u00e4r polisens sak. Men med kollektivavtal kommer \u00e4ven \u00f6kad insyn och m\u00f6jlighet att p\u00e5verka, s\u00e4ger hon och avslutar:<\/p>\n<p>\u2013 Inom LO har vi ett ansvar att h\u00e5lla uppe kollektivavtalst\u00e4ckningen, inte minst f\u00f6r att slippa EU:s direktiv om minimil\u00f6n. Det ansvaret g\u00e4ller \u00e4ven h\u00e4r.<\/p>\n","protected":false},"excerpt":{"rendered":"HRF har \u00e4ndrat sig och tecknar nu avtal med Chat Noir i G\u00f6teborg. \u2013 Det \u00e4r laglig verksamhet,&hellip;\n","protected":false},"author":2,"featured_media":129628,"comment_status":"","ping_status":"","sticky":false,"template":"","format":"standard","meta":{"footnotes":""},"categories":[12],"tags":[22,23,13319,26,27,17,21,24,25,28,29,15,16,18,34,31,33,32,30,19,20],"class_list":{"0":"post-129627","1":"post","2":"type-post","3":"status-publish","4":"format-standard","5":"has-post-thumbnail","7":"category-sverige","8":"tag-breaking-news","9":"tag-breakingnews","10":"tag-chat-noir","11":"tag-featured-news","12":"tag-featurednews","13":"tag-headlines","14":"tag-huvudnyheter","15":"tag-latest-news","16":"tag-latestnews","17":"tag-main-news","18":"tag-mainnews","19":"tag-news","20":"tag-nyheter","21":"tag-rubriker","22":"tag-se","23":"tag-svenska","24":"tag-sverige","25":"tag-sweden","26":"tag-swedish","27":"tag-top-stories","28":"tag-topstories"},"share_on_mastodon":{"url":"https:\/\/pubeurope.com\/@se\/115859714471627058","error":""},"_links":{"self":[{"href":"https:\/\/www.europesays.com\/se\/wp-json\/wp\/v2\/posts\/129627","targetHints":{"allow":["GET"]}}],"collection":[{"href":"https:\/\/www.europesays.com\/se\/wp-json\/wp\/v2\/posts"}],"about":[{"href":"https:\/\/www.europesays.com\/se\/wp-json\/wp\/v2\/types\/post"}],"author":[{"embeddable":true,"href":"https:\/\/www.europesays.com\/se\/wp-json\/wp\/v2\/users\/2"}],"replies":[{"embeddable":true,"href":"https:\/\/www.europesays.com\/se\/wp-json\/wp\/v2\/comments?post=129627"}],"version-history":[{"count":0,"href":"https:\/\/www.europesays.com\/se\/wp-json\/wp\/v2\/posts\/129627\/revisions"}],"wp:featuredmedia":[{"embeddable":true,"href":"https:\/\/www.europesays.com\/se\/wp-json\/wp\/v2\/media\/129628"}],"wp:attachment":[{"href":"https:\/\/www.europesays.com\/se\/wp-json\/wp\/v2\/media?parent=129627"}],"wp:term":[{"taxonomy":"category","embeddable":true,"href":"https:\/\/www.europesays.com\/se\/wp-json\/wp\/v2\/categories?post=129627"},{"taxonomy":"post_tag","embeddable":true,"href":"https:\/\/www.europesays.com\/se\/wp-json\/wp\/v2\/tags?post=129627"}],"curies":[{"name":"wp","href":"https:\/\/api.w.org\/{rel}","templated":true}]}}