{"id":129629,"date":"2026-01-08T13:28:09","date_gmt":"2026-01-08T13:28:09","guid":{"rendered":"https:\/\/www.europesays.com\/se\/129629\/"},"modified":"2026-01-08T13:28:09","modified_gmt":"2026-01-08T13:28:09","slug":"en-fin-skildring-av-en-ung-kvinnas-sokande-efter-sin-egen-identitet","status":"publish","type":"post","link":"https:\/\/www.europesays.com\/se\/129629\/","title":{"rendered":"En fin skildring av en ung kvinnas s\u00f6kande efter sin egen identitet"},"content":{"rendered":"<p>              <strong>The Little Sister<\/strong><br \/>\nBetyg: 3\/5<\/p>\n<p>Film <b>Nadia Melliti<\/b><b> \u00e4r ett fynd i huvudrollen som 17-\u00e5riga <\/b><b>Fatima i \u201c<\/b><b>The Little Sister\u201d. En film om en ung muslimsk kvinnas uppvaknande som homosexuell. Jon Andersson har sett Hafsia Herzis film, som har svensk premi\u00e4r i helgen.\u00a0<\/b><\/p>\n<p>17-\u00e5riga Fatima \u00e4r yngst av tre systrar och bor med sin familj i en f\u00f6rort till Paris. Men n\u00e4r hon b\u00f6rjar uppt\u00e4cka att hon dras till kvinnor och inte m\u00e4n kompliceras tillvaron. Inte minst eftersom hennes familj \u00e4r muslimer. Det \u00e4r grundber\u00e4ttelsen i Hafsia Herzis \u201cThe Little Sister\u201d, som har svensk premi\u00e4r i helgen.\u00a0<\/p>\n<p><b>V\u00e4lf\u00f6rtj\u00e4nt prisad<\/b><\/p>\n<p>Nadia Melliti \u00e4r ett fynd i huvudrollen som Fatima. Hon lyckas p\u00e5 ett \u00f6vertygande s\u00e4tt gestalta b\u00e5de den os\u00e4kerhet och trotsiga beslutsamhet som finns hos Fatima. Att Melliti vann priset som b\u00e4sta sk\u00e5despelerska p\u00e5 Cannesfestivalen i v\u00e5ras k\u00e4nns v\u00e4lf\u00f6rtj\u00e4nt.\u00a0<\/p>\n<p><img decoding=\"async\" loading=\"lazy\" class=\"size-full wp-image-413751\" src=\"https:\/\/www.europesays.com\/se\/wp-content\/uploads\/2026\/01\/photo-2-la-petite-derniere-2025-june-films-katuh-studio-arte-france-mk2films.jpg\" alt=\"\" width=\"2048\" height=\"858\"  \/>Foto: June films\/ Katuh studio\/ Arte France\/ mk2films<\/p>\n<p>\u00a0<\/p>\n<p>Filmen \u00e4r dock lite mer oj\u00e4mn. Jag hade f\u00f6rv\u00e4ntat mig att den skulle spegla mer av de konflikter som uppst\u00e5r b\u00e5de inom Fatima och i f\u00f6rh\u00e5llande till hennes omgivning. Inte minst p\u00e5 grund av hennes muslimska tro, d\u00e4r ju homosexualitet \u00e4r strikt f\u00f6rbjudet. Ibland kommer det upp till ytan, som n\u00e4r hon kallas f\u00f6r lebisk i skolan eller n\u00e4r hon pratar med en lokal imam om synen p\u00e5 homosexualitet. Men tyv\u00e4rr k\u00e4nns delar av filmen som en transportstr\u00e4cka, d\u00e4r vi f\u00e5r f\u00f6lja Fatimas romantiska och sexuella \u00e4ventyr utan att s\u00e5 mycket h\u00e4nder.\u00a0<\/p>\n<p><b>Naturalistisk dialog<\/b><\/p>\n<p>Det allra b\u00e4sta med filmen, f\u00f6rutom Melliti sk\u00e5despeleri, \u00e4r den naturalistiska dialogen. N\u00e5got som skapar en intensitet och n\u00e4rvaro, som saknas i andra delar av filmen.\u00a0<\/p>\n<p>Sammantaget \u00e4r dock \u201cThe Little Sister\u201d en fin skildring av en ung kvinnas s\u00f6kande efter sin egen identitet. F\u00f6rhoppningsvis kan det fungera som ett st\u00f6d f\u00f6r andra unga tjejer som befinner sig i en liknande situation som Fatima.\u00a0\u00a0<\/p>\n<p><strong>Jon Andersson<\/strong><\/p>\n","protected":false},"excerpt":{"rendered":"The Little Sister Betyg: 3\/5 Film Nadia Melliti \u00e4r ett fynd i huvudrollen som 17-\u00e5riga Fatima i \u201cThe&hellip;\n","protected":false},"author":2,"featured_media":129630,"comment_status":"","ping_status":"","sticky":false,"template":"","format":"standard","meta":{"footnotes":""},"categories":[5],"tags":[22,23,26,27,17,21,24,25,28,29,15,16,18,34,31,33,32,30,19,20],"class_list":{"0":"post-129629","1":"post","2":"type-post","3":"status-publish","4":"format-standard","5":"has-post-thumbnail","7":"category-rubriker","8":"tag-breaking-news","9":"tag-breakingnews","10":"tag-featured-news","11":"tag-featurednews","12":"tag-headlines","13":"tag-huvudnyheter","14":"tag-latest-news","15":"tag-latestnews","16":"tag-main-news","17":"tag-mainnews","18":"tag-news","19":"tag-nyheter","20":"tag-rubriker","21":"tag-se","22":"tag-svenska","23":"tag-sverige","24":"tag-sweden","25":"tag-swedish","26":"tag-top-stories","27":"tag-topstories"},"share_on_mastodon":{"url":"https:\/\/pubeurope.com\/@se\/115859718365760493","error":""},"_links":{"self":[{"href":"https:\/\/www.europesays.com\/se\/wp-json\/wp\/v2\/posts\/129629","targetHints":{"allow":["GET"]}}],"collection":[{"href":"https:\/\/www.europesays.com\/se\/wp-json\/wp\/v2\/posts"}],"about":[{"href":"https:\/\/www.europesays.com\/se\/wp-json\/wp\/v2\/types\/post"}],"author":[{"embeddable":true,"href":"https:\/\/www.europesays.com\/se\/wp-json\/wp\/v2\/users\/2"}],"replies":[{"embeddable":true,"href":"https:\/\/www.europesays.com\/se\/wp-json\/wp\/v2\/comments?post=129629"}],"version-history":[{"count":0,"href":"https:\/\/www.europesays.com\/se\/wp-json\/wp\/v2\/posts\/129629\/revisions"}],"wp:featuredmedia":[{"embeddable":true,"href":"https:\/\/www.europesays.com\/se\/wp-json\/wp\/v2\/media\/129630"}],"wp:attachment":[{"href":"https:\/\/www.europesays.com\/se\/wp-json\/wp\/v2\/media?parent=129629"}],"wp:term":[{"taxonomy":"category","embeddable":true,"href":"https:\/\/www.europesays.com\/se\/wp-json\/wp\/v2\/categories?post=129629"},{"taxonomy":"post_tag","embeddable":true,"href":"https:\/\/www.europesays.com\/se\/wp-json\/wp\/v2\/tags?post=129629"}],"curies":[{"name":"wp","href":"https:\/\/api.w.org\/{rel}","templated":true}]}}