{"id":129637,"date":"2026-01-08T13:35:08","date_gmt":"2026-01-08T13:35:08","guid":{"rendered":"https:\/\/www.europesays.com\/se\/129637\/"},"modified":"2026-01-08T13:35:08","modified_gmt":"2026-01-08T13:35:08","slug":"ny-generalsekretare-i-svenska-kennelklubben","status":"publish","type":"post","link":"https:\/\/www.europesays.com\/se\/129637\/","title":{"rendered":"Ny generalsekretare i Svenska kennelklubben"},"content":{"rendered":"<p>            <img width=\"2560\" height=\"1280\" src=\"https:\/\/www.europesays.com\/se\/wp-content\/uploads\/2026\/01\/2024webbkollage_3000x15002-scaled.jpg\" class=\"attachment-full size-full\" alt=\"\" decoding=\"async\" fetchpriority=\"high\"  \/><\/p>\n<p id=\"caption-attachment-243494\" class=\"wp-caption-text\">Susanne Jidesten har utsetts till ny generalsekreterare f\u00f6r Svenska kennelklubben. Foto: Kjell-Erik Mosied och SKK<\/p>\n<p data-beyondwords-marker=\"290149ff-7ae3-40b9-82c8-a9e8993515ac\">Svenska <a href=\"https:\/\/svenskjakt.se\/tag\/kennelklubben\/\" class=\"tag-link\" aria-label=\"Kennelklubben\" rel=\"nofollow noopener\" target=\"_blank\">kennelklubben<\/a>, SKK, med cirka 300\u00a0000 medlemmar i omkring 1\u00a0100 klubbar, organiserar s\u00e5v\u00e4l vanliga hund\u00e4gare som medlemmar intresserade av olika hundsporter d\u00e4r \u00e4ven jakthundsklubbarna ing\u00e5r. SKK har ett omfattande nordiskt och internationellt samarbete som Susanne Jidesten nu f\u00e5r det dagliga ansvaret f\u00f6r.<\/p>\n<p data-beyondwords-marker=\"83eb6005-2932-4c85-b0a4-c20a08345e2a\">SKK:s centralstyrelse har i valet av ny generalsekreterare tagit fasta p\u00e5 Jidestens goda vitsord och tidigare erfarenheter.<\/p>\n<p data-beyondwords-marker=\"e193ab61-9247-43be-8e11-998fbc7880d3\">\u2013 Susanne Jidestens v\u00e4l vitsordade bakgrund som vd och tidigare som generalsekreterare tillsammans med hennes erfarenhet av att leda komplicerade organisationer var avg\u00f6rande. Det intrycket f\u00f6rst\u00e4rktes \u00e4ven av hennes f\u00f6rm\u00e5ga och engagemang i att leda och medverka i f\u00f6rtroendeuppdrag nationellt och internationellt, s\u00e4ger SKK:s ordf\u00f6rande Thommy Sundell i ett pressmeddelande.<\/p>\n<p>            <img loading=\"lazy\" width=\"722\" height=\"903\" src=\"https:\/\/svenskjakt.se\/wp-content\/uploads\/2026\/01\/Susanne-Jidesten-cropped.jpg-e1767878259434.avif\" class=\"size-portrait\" alt=\"\" decoding=\"async\"  \/><\/p>\n<p id=\"caption-attachment-243495\" class=\"wp-caption-text\">Susanne Jidesten.<\/p>\n<p data-beyondwords-marker=\"179ff945-7aa6-4ad8-a65b-d8004dc7d0e4\">Susanne Jidesten kommer n\u00e4rmast fr\u00e5n en tj\u00e4nst som vd f\u00f6r Stiftelsen S\u00e4llskapet V\u00e4nner till Pauvres Honteux. Hon har tidigare varit\u00a0generalsekreterare f\u00f6r Friskis&amp;Svettis Riks och \u00e4r f\u00f6r n\u00e4rvarande bland annat ordf\u00f6rande i Svenska Basketbollf\u00f6rbundet och ledamot i Riksidrottsf\u00f6rbundets styrelse.<\/p>\n<p data-beyondwords-marker=\"2e3aed21-2f1b-44c7-903d-f06a718b60dd\">\u2013 Som hund\u00e4gare har jag under m\u00e5nga \u00e5r f\u00f6ljt och uppskattat SKK:s arbete, och det k\u00e4nns b\u00e5de hedrande och meningsfullt att nu f\u00e5 bidra med min erfarenhet. Jag ser fram emot att tillsammans med centralstyrelsen, medarbetare och medlemmar forts\u00e4tta utveckla verksamheten och st\u00e4rka SKK:s roll f\u00f6r framtidens hundliv, s\u00e4ger Susanne Jidesten.<\/p>\n<p>\nMissa ingenting \u2013 f\u00e5 Svensk Jakts nyheter i din mejlbox<br \/>\nNyhetsbrevet skickas ut varje vardag.<\/p>\n","protected":false},"excerpt":{"rendered":"Susanne Jidesten har utsetts till ny generalsekreterare f\u00f6r Svenska kennelklubben. Foto: Kjell-Erik Mosied och SKK Svenska kennelklubben, SKK,&hellip;\n","protected":false},"author":2,"featured_media":129638,"comment_status":"","ping_status":"","sticky":false,"template":"","format":"standard","meta":{"footnotes":""},"categories":[12],"tags":[22,23,26,27,17,21,24,25,28,29,15,16,18,34,31,33,32,30,19,20],"class_list":{"0":"post-129637","1":"post","2":"type-post","3":"status-publish","4":"format-standard","5":"has-post-thumbnail","7":"category-sverige","8":"tag-breaking-news","9":"tag-breakingnews","10":"tag-featured-news","11":"tag-featurednews","12":"tag-headlines","13":"tag-huvudnyheter","14":"tag-latest-news","15":"tag-latestnews","16":"tag-main-news","17":"tag-mainnews","18":"tag-news","19":"tag-nyheter","20":"tag-rubriker","21":"tag-se","22":"tag-svenska","23":"tag-sverige","24":"tag-sweden","25":"tag-swedish","26":"tag-top-stories","27":"tag-topstories"},"share_on_mastodon":{"url":"https:\/\/pubeurope.com\/@se\/115859745933989082","error":""},"_links":{"self":[{"href":"https:\/\/www.europesays.com\/se\/wp-json\/wp\/v2\/posts\/129637","targetHints":{"allow":["GET"]}}],"collection":[{"href":"https:\/\/www.europesays.com\/se\/wp-json\/wp\/v2\/posts"}],"about":[{"href":"https:\/\/www.europesays.com\/se\/wp-json\/wp\/v2\/types\/post"}],"author":[{"embeddable":true,"href":"https:\/\/www.europesays.com\/se\/wp-json\/wp\/v2\/users\/2"}],"replies":[{"embeddable":true,"href":"https:\/\/www.europesays.com\/se\/wp-json\/wp\/v2\/comments?post=129637"}],"version-history":[{"count":0,"href":"https:\/\/www.europesays.com\/se\/wp-json\/wp\/v2\/posts\/129637\/revisions"}],"wp:featuredmedia":[{"embeddable":true,"href":"https:\/\/www.europesays.com\/se\/wp-json\/wp\/v2\/media\/129638"}],"wp:attachment":[{"href":"https:\/\/www.europesays.com\/se\/wp-json\/wp\/v2\/media?parent=129637"}],"wp:term":[{"taxonomy":"category","embeddable":true,"href":"https:\/\/www.europesays.com\/se\/wp-json\/wp\/v2\/categories?post=129637"},{"taxonomy":"post_tag","embeddable":true,"href":"https:\/\/www.europesays.com\/se\/wp-json\/wp\/v2\/tags?post=129637"}],"curies":[{"name":"wp","href":"https:\/\/api.w.org\/{rel}","templated":true}]}}