{"id":129639,"date":"2026-01-08T13:36:09","date_gmt":"2026-01-08T13:36:09","guid":{"rendered":"https:\/\/www.europesays.com\/se\/129639\/"},"modified":"2026-01-08T13:36:09","modified_gmt":"2026-01-08T13:36:09","slug":"hd-domar-kan-vara-upplysande-aven-om-fragan-ar-tillsynes-sjalvklar","status":"publish","type":"post","link":"https:\/\/www.europesays.com\/se\/129639\/","title":{"rendered":"HD-domar kan vara upplysande \u2013 \u00e4ven om fr\u00e5gan \u00e4r tillsynes sj\u00e4lvklar"},"content":{"rendered":"<p>Det \u00e4r sv\u00e5rt att f\u00e5 upp ett m\u00e5l till H\u00f6gsta domstolen (HD). F\u00f6r att HD ska ta upp ett m\u00e5l kr\u00e4vs det pr\u00f6vningstillst\u00e5nd (med vissa undantag). Det kommer in omkring\u00a0<a href=\"https:\/\/www.domstol.se\/hogsta-domstolen\/om-handlaggningen\/overklaga-och-begar-provningstillstand\/\" target=\"_blank\" rel=\"noopener noreferrer nofollow\">8\u00a0000 ans\u00f6kningar<\/a>\u00a0om pr\u00f6vningstillst\u00e5nd varje \u00e5r. Av dessa \u00e4r det drygt 100 ans\u00f6kningar som beviljas. <\/p>\n<p>Jag som f\u00f6rs\u00f6ker f\u00f6lja med lite kontinuerligt i HD:s produktion \u2013 och inte bara bevakar mina egna forskningsf\u00e4lt \u2013 \u00e4r den vanligaste reaktionen n\u00e4r jag ser vilken fr\u00e5ga som domstolen valt att ta upp: \u201d\u00c4ntligen\u201d. I\u00a0bland \u00e4r den i\u00a0st\u00e4llet: \u201dAh, det d\u00e4r verkar ju bra att f\u00e5 belyst\u201d. I n\u00e5gra f\u00e5 fall f\u00f6rst\u00e5r jag inte r\u00e4ttsfr\u00e5gan alls och orkar inte anstr\u00e4nga mig. Men s\u00e5 h\u00e4nder det ocks\u00e5, v\u00e4ldigt s\u00e4llan men i\u00a0bland, att pr\u00f6vningstillst\u00e5nd meddelas i m\u00e5l d\u00e4r utg\u00e5ngen framst\u00e5r som helt sj\u00e4lvklar. Dagen innan ny\u00e5rsafton kom en dom i ett s\u00e5dant fall.<\/p>\n","protected":false},"excerpt":{"rendered":"Det \u00e4r sv\u00e5rt att f\u00e5 upp ett m\u00e5l till H\u00f6gsta domstolen (HD). F\u00f6r att HD ska ta upp&hellip;\n","protected":false},"author":2,"featured_media":129640,"comment_status":"","ping_status":"","sticky":false,"template":"","format":"standard","meta":{"footnotes":""},"categories":[5],"tags":[22,23,26,27,17,21,24,25,28,29,15,16,18,34,31,33,32,30,19,20],"class_list":{"0":"post-129639","1":"post","2":"type-post","3":"status-publish","4":"format-standard","5":"has-post-thumbnail","7":"category-rubriker","8":"tag-breaking-news","9":"tag-breakingnews","10":"tag-featured-news","11":"tag-featurednews","12":"tag-headlines","13":"tag-huvudnyheter","14":"tag-latest-news","15":"tag-latestnews","16":"tag-main-news","17":"tag-mainnews","18":"tag-news","19":"tag-nyheter","20":"tag-rubriker","21":"tag-se","22":"tag-svenska","23":"tag-sverige","24":"tag-sweden","25":"tag-swedish","26":"tag-top-stories","27":"tag-topstories"},"share_on_mastodon":{"url":"https:\/\/pubeurope.com\/@se\/115859749750202681","error":""},"_links":{"self":[{"href":"https:\/\/www.europesays.com\/se\/wp-json\/wp\/v2\/posts\/129639","targetHints":{"allow":["GET"]}}],"collection":[{"href":"https:\/\/www.europesays.com\/se\/wp-json\/wp\/v2\/posts"}],"about":[{"href":"https:\/\/www.europesays.com\/se\/wp-json\/wp\/v2\/types\/post"}],"author":[{"embeddable":true,"href":"https:\/\/www.europesays.com\/se\/wp-json\/wp\/v2\/users\/2"}],"replies":[{"embeddable":true,"href":"https:\/\/www.europesays.com\/se\/wp-json\/wp\/v2\/comments?post=129639"}],"version-history":[{"count":0,"href":"https:\/\/www.europesays.com\/se\/wp-json\/wp\/v2\/posts\/129639\/revisions"}],"wp:featuredmedia":[{"embeddable":true,"href":"https:\/\/www.europesays.com\/se\/wp-json\/wp\/v2\/media\/129640"}],"wp:attachment":[{"href":"https:\/\/www.europesays.com\/se\/wp-json\/wp\/v2\/media?parent=129639"}],"wp:term":[{"taxonomy":"category","embeddable":true,"href":"https:\/\/www.europesays.com\/se\/wp-json\/wp\/v2\/categories?post=129639"},{"taxonomy":"post_tag","embeddable":true,"href":"https:\/\/www.europesays.com\/se\/wp-json\/wp\/v2\/tags?post=129639"}],"curies":[{"name":"wp","href":"https:\/\/api.w.org\/{rel}","templated":true}]}}