{"id":129664,"date":"2026-01-08T14:00:17","date_gmt":"2026-01-08T14:00:17","guid":{"rendered":"https:\/\/www.europesays.com\/se\/129664\/"},"modified":"2026-01-08T14:00:17","modified_gmt":"2026-01-08T14:00:17","slug":"region-vasternorrland-stabslage-aktiverat-for-region-vasternorrland","status":"publish","type":"post","link":"https:\/\/www.europesays.com\/se\/129664\/","title":{"rendered":"Region V\u00e4sternorrland &#8211; Stabsl\u00e4ge aktiverat f\u00f6r Region V\u00e4sternorrland"},"content":{"rendered":"<p>\n                                                Under torsdagen har Region V\u00e4sternorrland g\u00e5tt upp i stabsl\u00e4ge p\u00e5 grund av det sv\u00e5ra v\u00e4derl\u00e4get.\n                                            <\/p>\n<blockquote>\n<p>&#8211; Sn\u00f6ov\u00e4dret uts\u00e4tter alla v\u00e5ra verksamheter f\u00f6r ett h\u00e5rt tryck. Inte minst den r\u00f6da varning som lagts f\u00f6r \u00c5ngermanland under eftermiddagen kan skapa stora utmaningar och \u00e4ven p\u00e5verka m\u00f6jligheten f\u00f6r v\u00e5ra medarbetare att ta sig till jobbet. Vi har d\u00e4rf\u00f6r aktiverat den regionala krisledningen d\u00e4r vi f\u00f6ljer h\u00e4ndelseutvecklingen och vidtar n\u00f6dv\u00e4ndiga \u00e5tg\u00e4rder f\u00f6r att uppr\u00e4tth\u00e5lla kritiska funktioner som exempelvis akutsjukv\u00e5rd, s\u00e4ger regiondirekt\u00f6r \u00c5sa Bellander.<\/p>\n<\/blockquote>\n<p>Samtliga sjukhusorter i l\u00e4net har under torsdagen g\u00e5tt upp i stabsl\u00e4ge f\u00f6r att skapa \u00f6verblick av situationen p\u00e5 sjukhusen och h\u00e4lsocentralerna f\u00f6r att kunna samordna och nyttja resurserna p\u00e5 b\u00e4sta s\u00e4tt.<\/p>\n<blockquote>\n<p>&#8211; Vi uppmanar alla som inte redan har bokade v\u00e5rdbes\u00f6k att l\u00e4sa p\u00e5 1177.se eller kontakta 1177 p\u00e5 telefon f\u00f6r r\u00e5d om v\u00e5rd innan man ger sig ut p\u00e5 v\u00e4garna, s\u00e4ger h\u00e4lso- och sjukv\u00e5rddirekt\u00f6r Maria Strandberg.<\/p>\n<\/blockquote>\n<p>Ambulansverksamheten har f\u00f6rst\u00e4rkt bemanningen vid alla tre sjukhusorter.<\/p>\n<p>Folkh\u00f6gskolor, sjukresor och kollektivtrafik ber\u00f6rs<\/p>\n<p>Region V\u00e4sternorrlands folkh\u00f6gskolor har vidtagit \u00e5tg\u00e4rder f\u00f6r att minska riskerna f\u00f6r studerande och personal.<\/p>\n<ul>\n<li>Hola folkh\u00f6gskola bedriver all undervisning p\u00e5 distans under torsdag och fredag.<\/li>\n<li>Vid \u00d6rnsk\u00f6ldsviks folkh\u00f6gskola sker undervisningen delvis p\u00e5 distans.<\/li>\n<li>\u00c5lsta folkh\u00f6gskola i Fr\u00e4nsta har valt att st\u00e4lla in undervisningen helt. \u00c4ven \u00c5lsta folkh\u00f6gskola i centrala Sundsvall p\u00e5verkas av v\u00e4dret och har beslutat att skjuta upp skolstarten tills v\u00e4derl\u00e4get f\u00f6rb\u00e4ttras.<\/li>\n<\/ul>\n<p>Samtliga folkh\u00f6gskolor inom Region V\u00e4sternorrland har beredskap f\u00f6r eventuella str\u00f6mavbrott och f\u00f6ljer utvecklingen noggrant. Region V\u00e4sternorrland uppmanar studerande och personal att h\u00e5lla sig uppdaterade via webbsidan rvn.se samt respektive skolas digitala kanaler.<\/p>\n<p>Sn\u00f6ov\u00e4dret p\u00e5verkar \u00e4ven m\u00f6jligheten till sjukresor inom l\u00e4net. F\u00f6rseningar och inst\u00e4llda resor kan f\u00f6rekomma beroende p\u00e5 v\u00e4glag och tillg\u00e4nglighet. Resen\u00e4rer uppmanas att h\u00e5lla sig uppdaterade om aktuella trafikf\u00f6rh\u00e5llanden och kollektivtrafik via:<\/p>\n<p>Regionala samverkansm\u00f6ten<\/p>\n<p>Regionala samverkansm\u00f6ten sker sedan den 7 januari. Samverkansm\u00f6tena samordnas av L\u00e4nsstyrelsen V\u00e4sternorrland och deltar p\u00e5 m\u00f6tena g\u00f6r bland annat SMHI, Trafikverket, kommunerna, Region V\u00e4sternorrland, r\u00e4ddningstj\u00e4nsten och SOS Alarm.<\/p>\n<p>Under torsdagen har SMHI uppgraderat den orangea v\u00e4dervarningen \u00f6ver delar av kustomr\u00e5den i V\u00e4sternorrland till r\u00f6d, vilket \u00e4r den h\u00f6gsta. Det \u00e4r p\u00e5 grund av rikligt sn\u00f6fall i kombination med stark vind och g\u00e4ller fr\u00e4mst delar av \u00c5ngermanlands kustomr\u00e5de: H\u00e4rn\u00f6sand, Kramfors och \u00d6rnsk\u00f6ldsvik.<\/p>\n<p>Den r\u00f6da v\u00e4dervarningen g\u00e4ller fr\u00e5n den 8 januari klockan 15:00 till den 9 januari klockan 09:00.<\/p>\n<p><a href=\"https:\/\/www.smhi.se\/vader\/prognoser-och-varningar\/varningar-och-meddelanden\/varningar\" class=\"bulletLink\" rel=\"nofollow noopener\" target=\"_blank\">SMHI om varningar<\/a><\/p>\n<p><strong>Texten kan komma att uppdateras n\u00e4r eller om vi har ny information.<\/strong><\/p>\n","protected":false},"excerpt":{"rendered":"Under torsdagen har Region V\u00e4sternorrland g\u00e5tt upp i stabsl\u00e4ge p\u00e5 grund av det sv\u00e5ra v\u00e4derl\u00e4get. &#8211; Sn\u00f6ov\u00e4dret uts\u00e4tter&hellip;\n","protected":false},"author":2,"featured_media":46945,"comment_status":"","ping_status":"","sticky":false,"template":"","format":"standard","meta":{"footnotes":""},"categories":[5],"tags":[22,23,26,27,17,21,24,25,28,29,15,16,18,34,31,33,32,30,19,20],"class_list":{"0":"post-129664","1":"post","2":"type-post","3":"status-publish","4":"format-standard","5":"has-post-thumbnail","7":"category-rubriker","8":"tag-breaking-news","9":"tag-breakingnews","10":"tag-featured-news","11":"tag-featurednews","12":"tag-headlines","13":"tag-huvudnyheter","14":"tag-latest-news","15":"tag-latestnews","16":"tag-main-news","17":"tag-mainnews","18":"tag-news","19":"tag-nyheter","20":"tag-rubriker","21":"tag-se","22":"tag-svenska","23":"tag-sverige","24":"tag-sweden","25":"tag-swedish","26":"tag-top-stories","27":"tag-topstories"},"share_on_mastodon":{"url":"https:\/\/pubeurope.com\/@se\/115859844096066620","error":""},"_links":{"self":[{"href":"https:\/\/www.europesays.com\/se\/wp-json\/wp\/v2\/posts\/129664","targetHints":{"allow":["GET"]}}],"collection":[{"href":"https:\/\/www.europesays.com\/se\/wp-json\/wp\/v2\/posts"}],"about":[{"href":"https:\/\/www.europesays.com\/se\/wp-json\/wp\/v2\/types\/post"}],"author":[{"embeddable":true,"href":"https:\/\/www.europesays.com\/se\/wp-json\/wp\/v2\/users\/2"}],"replies":[{"embeddable":true,"href":"https:\/\/www.europesays.com\/se\/wp-json\/wp\/v2\/comments?post=129664"}],"version-history":[{"count":0,"href":"https:\/\/www.europesays.com\/se\/wp-json\/wp\/v2\/posts\/129664\/revisions"}],"wp:featuredmedia":[{"embeddable":true,"href":"https:\/\/www.europesays.com\/se\/wp-json\/wp\/v2\/media\/46945"}],"wp:attachment":[{"href":"https:\/\/www.europesays.com\/se\/wp-json\/wp\/v2\/media?parent=129664"}],"wp:term":[{"taxonomy":"category","embeddable":true,"href":"https:\/\/www.europesays.com\/se\/wp-json\/wp\/v2\/categories?post=129664"},{"taxonomy":"post_tag","embeddable":true,"href":"https:\/\/www.europesays.com\/se\/wp-json\/wp\/v2\/tags?post=129664"}],"curies":[{"name":"wp","href":"https:\/\/api.w.org\/{rel}","templated":true}]}}