{"id":129675,"date":"2026-01-08T14:13:15","date_gmt":"2026-01-08T14:13:15","guid":{"rendered":"https:\/\/www.europesays.com\/se\/129675\/"},"modified":"2026-01-08T14:13:15","modified_gmt":"2026-01-08T14:13:15","slug":"usas-handelsunderskott-krymper-kraftigt-lagsta-nivan-sedan-2009","status":"publish","type":"post","link":"https:\/\/www.europesays.com\/se\/129675\/","title":{"rendered":"USA:s handelsunderskott krymper kraftigt \u2013 l\u00e4gsta niv\u00e5n sedan 2009"},"content":{"rendered":"<p class=\"font-sans text-base text-text-main dark:text-text-main-dark font-normal leading-[1.4]\">USA:s handelsbalans visade ett underskott p\u00e5 29,4 miljarder dollar i oktober, en kraftig minskning fr\u00e5n september d\u00e5 underskottet reviderades till 48,1 miljarder dollar, fr\u00e5n 52,8 miljarder. Utfallet var betydligt b\u00e4ttre \u00e4n marknadens f\u00f6rv\u00e4ntningar om ett underskott p\u00e5 58,7 miljarder dollar, enligt Bloomberg. Underskottet befinner sig nu p\u00e5 den l\u00e4gsta niv\u00e5n sedan juni 2009.<\/p>\n<p>Exporten av varor och tj\u00e4nster \u00f6kade med 2,6 procent till rekordh\u00f6ga 302 miljarder dollar. Samtidigt f\u00f6ll importen med 3,2 procent till 331,4 miljarder dollar, den l\u00e4gsta niv\u00e5n p\u00e5 21 m\u00e5nader, bland annat till f\u00f6ljd av kraftigt minskad import av l\u00e4kemedel.<\/p>\n<p>Vita huset har inf\u00f6rt tullar p\u00e5 bred front i syfte att minska ned det kroniska amerikanska handelsunderskottet med omv\u00e4rlden.<\/p>\n<tr class=\"odd:bg-surf-grey dark:odd:bg-surf-grey-dark even:bg-surf-main dark:even:bg-surf-main-dark\">\n<td class=\"p-2 text-start min-h-10 relative max-w-[250px] border-r border-b border-border dark:border-border-dark last:border-r-0 break-words\">\n<p>USA, BUSD<\/p>\n<\/td>\n<td class=\"p-2 text-start min-h-10 relative max-w-[250px] border-r border-b border-border dark:border-border-dark last:border-r-0 break-words\">\n<p>oktober, 2025<\/p>\n<\/td>\n<td class=\"p-2 text-start min-h-10 relative max-w-[250px] border-r border-b border-border dark:border-border-dark last:border-r-0 break-words\">\n<p>Konsensus<\/p>\n<\/td>\n<td class=\"p-2 text-start min-h-10 relative max-w-[250px] border-r border-b border-border dark:border-border-dark last:border-r-0 break-words\">\n<p>september, 2025<\/p>\n<\/td>\n<td class=\"p-2 text-start min-h-10 relative max-w-[250px] border-r border-b border-border dark:border-border-dark last:border-r-0 break-words\">\n<p>Reviderad<\/p>\n<\/td>\n<\/tr>\n<tr class=\"odd:bg-surf-grey dark:odd:bg-surf-grey-dark even:bg-surf-main dark:even:bg-surf-main-dark\">\n<td class=\"p-2 text-start min-h-10 relative max-w-[250px] border-r border-b border-border dark:border-border-dark last:border-r-0 break-words\">\n<p>Handelsbalans<\/p>\n<\/td>\n<td class=\"p-2 text-start min-h-10 relative max-w-[250px] border-r border-b border-border dark:border-border-dark last:border-r-0 break-words\">\n<p>-29,4<\/p>\n<\/td>\n<td class=\"p-2 text-start min-h-10 relative max-w-[250px] border-r border-b border-border dark:border-border-dark last:border-r-0 break-words\">\n<p>-58,7<\/p>\n<\/td>\n<td class=\"p-2 text-start min-h-10 relative max-w-[250px] border-r border-b border-border dark:border-border-dark last:border-r-0 break-words\">\n<p>-52,8<\/p>\n<\/td>\n<td class=\"p-2 text-start min-h-10 relative max-w-[250px] border-r border-b border-border dark:border-border-dark last:border-r-0 break-words\">\n<p>-48,1<\/p>\n<\/td>\n<\/tr>\n","protected":false},"excerpt":{"rendered":"USA:s handelsbalans visade ett underskott p\u00e5 29,4 miljarder dollar i oktober, en kraftig minskning fr\u00e5n september d\u00e5 underskottet&hellip;\n","protected":false},"author":2,"featured_media":129676,"comment_status":"","ping_status":"","sticky":false,"template":"","format":"standard","meta":{"footnotes":""},"categories":[65],"tags":[72,70,71,34,31,33,32,30,397],"class_list":{"0":"post-129675","1":"post","2":"type-post","3":"status-publish","4":"format-standard","5":"has-post-thumbnail","7":"category-ekonomi","8":"tag-business","9":"tag-economy","10":"tag-ekonomi","11":"tag-se","12":"tag-svenska","13":"tag-sverige","14":"tag-sweden","15":"tag-swedish","16":"tag-tullar"},"share_on_mastodon":{"url":"https:\/\/pubeurope.com\/@se\/115859895330483295","error":""},"_links":{"self":[{"href":"https:\/\/www.europesays.com\/se\/wp-json\/wp\/v2\/posts\/129675","targetHints":{"allow":["GET"]}}],"collection":[{"href":"https:\/\/www.europesays.com\/se\/wp-json\/wp\/v2\/posts"}],"about":[{"href":"https:\/\/www.europesays.com\/se\/wp-json\/wp\/v2\/types\/post"}],"author":[{"embeddable":true,"href":"https:\/\/www.europesays.com\/se\/wp-json\/wp\/v2\/users\/2"}],"replies":[{"embeddable":true,"href":"https:\/\/www.europesays.com\/se\/wp-json\/wp\/v2\/comments?post=129675"}],"version-history":[{"count":0,"href":"https:\/\/www.europesays.com\/se\/wp-json\/wp\/v2\/posts\/129675\/revisions"}],"wp:featuredmedia":[{"embeddable":true,"href":"https:\/\/www.europesays.com\/se\/wp-json\/wp\/v2\/media\/129676"}],"wp:attachment":[{"href":"https:\/\/www.europesays.com\/se\/wp-json\/wp\/v2\/media?parent=129675"}],"wp:term":[{"taxonomy":"category","embeddable":true,"href":"https:\/\/www.europesays.com\/se\/wp-json\/wp\/v2\/categories?post=129675"},{"taxonomy":"post_tag","embeddable":true,"href":"https:\/\/www.europesays.com\/se\/wp-json\/wp\/v2\/tags?post=129675"}],"curies":[{"name":"wp","href":"https:\/\/api.w.org\/{rel}","templated":true}]}}