{"id":129712,"date":"2026-01-08T14:40:10","date_gmt":"2026-01-08T14:40:10","guid":{"rendered":"https:\/\/www.europesays.com\/se\/129712\/"},"modified":"2026-01-08T14:40:10","modified_gmt":"2026-01-08T14:40:10","slug":"folj-med-vardforbundet-till-ecr-en-av-de-storsta-internationella-kongresserna-inom-radiologi","status":"publish","type":"post","link":"https:\/\/www.europesays.com\/se\/129712\/","title":{"rendered":"F\u00f6lj med V\u00e5rdf\u00f6rbundet till ECR, en av de st\u00f6rsta internationella kongresserna inom radiologi!"},"content":{"rendered":"<p>&#13;<br \/>\n                V\u00e5rdf\u00f6rbundet lanserar nu m\u00f6jligheten f\u00f6r dig som medlem och legitimerad r\u00f6ntgensjuksk\u00f6terska att \u00e5ka med p\u00e5 European Society of Radiologys kongress Rays of Knowledge, (ECR) i Wien den 4 \u2013 8 mars. Bli en del av v\u00e5r delegation p\u00e5 plats och skicka in din ans\u00f6kan idag!&#13;\n            <\/p>\n<p>En av de st\u00f6rsta kongresserna inom radiologi g\u00e5r av stapeln i Wien den 4\u20138 mars 2026. Kongressen lockar \u00e5rligen cirka 20\u00a0000 internationella deltagare och ger en ordentlig inblick i det senaste inom forskning och radiologi. Tr\u00e4ffa kollegor fr\u00e5n hela v\u00e4rlden och lyssna p\u00e5 riktade f\u00f6rel\u00e4sningar till dig som r\u00f6ntgensjuksk\u00f6terska. M\u00f6t utst\u00e4llare fr\u00e5n hela v\u00e4rlden som vill visa upp sin allra senaste tekniska utrustning.<\/p>\n<p>Temat f\u00f6r \u00e5rets kongress \u00e4r \u201dRays of Knowledge\u201d. Med patienten i centrum och med ett etiskt perspektiv lyfts nya tekniska l\u00f6sningar inom bland annat AI.<\/p>\n<p>Med en m\u00e4ngd parallella f\u00f6rel\u00e4sningar har du m\u00f6jlighet att v\u00e4lja just de som du \u00e4r intresserad av. F\u00f6rel\u00e4sningarna handlar bland annat om MR-s\u00e4kerhet, karri\u00e4rv\u00e4gar f\u00f6r r\u00f6ntgensjuksk\u00f6terskor, AI i praktiken mm.\u00a0 G\u00e5 g\u00e4rna in och titta p\u00e5 programmet.<\/p>\n<p><a title=\"Till ESR Connect\" href=\"https:\/\/connect.myesr.org\/ecr-2026\/programme\/?tabref=0\" rel=\"nofollow noopener\" target=\"_blank\">Programme &#8211; ESR Connect<\/a><\/p>\n<p>V\u00e5rdf\u00f6rbundet ger nu en yrkesverksam medlem m\u00f6jlighet att f\u00f6lja med v\u00e5r delegation p\u00e5 denna resa. Kravet \u00e4r att du \u00e4r legitimerad r\u00f6ntgensjuksk\u00f6terska och medlem i V\u00e5rdf\u00f6rbundet.<\/p>\n<p><a title=\"Till aktiviteten\" href=\"https:\/\/aktiviteter.vardforbundet.se\/ActivityInformation\/18156\" rel=\"nofollow noopener\" target=\"_blank\">Ans\u00f6k idag!<\/a><\/p>\n<p>S\u00e5 h\u00e4r ans\u00f6ker du och urvalsprocess<\/p>\n<p>F\u00f6r att kunna ans\u00f6ka till kongressen beh\u00f6ver du vara registrerad som medlem i V\u00e5rdf\u00f6rbundet och r\u00f6ntgensjuksk\u00f6terska.<\/p>\n<p>M\u00f6jligheten ges till en medlem och V\u00e5rdf\u00f6rbundet st\u00e5r f\u00f6r kongressbiljett, resa, logi och vissa m\u00e5ltider. \u00a0<\/p>\n<p>Kriterier f\u00f6r urvalsprocessen:\u00a0<\/p>\n<ol>\n<li>Du ska vara medlem i V\u00e5rdf\u00f6rbundet f\u00f6r att kunna s\u00f6ka.<\/li>\n<li>Du f\u00f6rv\u00e4ntas att kort kunna motivera varf\u00f6r du vill \u00e5ka p\u00e5 ECR.<\/li>\n<li>P\u00e5 vilket s\u00e4tt vill du sprida vidare det du l\u00e4rt dig p\u00e5 resan? Tex blogginl\u00e4gg, ber\u00e4tta p\u00e5 din arbetsplats, skriva i dina\/v\u00e5ra sociala medier eller annat eget f\u00f6rslag?<\/li>\n<li>Om du blir antagen beh\u00f6ver du bifoga ett skriftligt utl\u00e5tande fr\u00e5n din chef som visar att du f\u00e5r \u00e5ka p\u00e5 ECR.<br \/>\u00a0<\/li>\n<\/ol>\n<p>Sista ans\u00f6kningsdag \u00e4r 25 jan.<\/p>\n<p>V\u00e5rdf\u00f6rbundets prioriteringsgrupp ansvarar f\u00f6r urvalet enligt ovanst\u00e5ende kriterier och beslut om antagandet kan inte \u00f6verklagas.<\/p>\n<p>Du kommer f\u00e5 \u00e5terkoppling om du f\u00e5tt en plats under vecka 6.<\/p>\n<p>F\u00f6r att kunna delta beh\u00f6ver du \u00e5ka redan den 3 mars eftersom kongressen startar tidigt den 4 mars. Hemresa sker eftermiddag s\u00f6ndag 8 mars.<\/p>\n","protected":false},"excerpt":{"rendered":"&#13; V\u00e5rdf\u00f6rbundet lanserar nu m\u00f6jligheten f\u00f6r dig som medlem och legitimerad r\u00f6ntgensjuksk\u00f6terska att \u00e5ka med p\u00e5 European Society&hellip;\n","protected":false},"author":2,"featured_media":44600,"comment_status":"","ping_status":"","sticky":false,"template":"","format":"standard","meta":{"footnotes":""},"categories":[5],"tags":[22,23,26,27,17,21,24,25,28,29,15,16,18,34,31,33,32,30,19,20],"class_list":{"0":"post-129712","1":"post","2":"type-post","3":"status-publish","4":"format-standard","5":"has-post-thumbnail","7":"category-rubriker","8":"tag-breaking-news","9":"tag-breakingnews","10":"tag-featured-news","11":"tag-featurednews","12":"tag-headlines","13":"tag-huvudnyheter","14":"tag-latest-news","15":"tag-latestnews","16":"tag-main-news","17":"tag-mainnews","18":"tag-news","19":"tag-nyheter","20":"tag-rubriker","21":"tag-se","22":"tag-svenska","23":"tag-sverige","24":"tag-sweden","25":"tag-swedish","26":"tag-top-stories","27":"tag-topstories"},"share_on_mastodon":{"url":"https:\/\/pubeurope.com\/@se\/115860001428277630","error":""},"_links":{"self":[{"href":"https:\/\/www.europesays.com\/se\/wp-json\/wp\/v2\/posts\/129712","targetHints":{"allow":["GET"]}}],"collection":[{"href":"https:\/\/www.europesays.com\/se\/wp-json\/wp\/v2\/posts"}],"about":[{"href":"https:\/\/www.europesays.com\/se\/wp-json\/wp\/v2\/types\/post"}],"author":[{"embeddable":true,"href":"https:\/\/www.europesays.com\/se\/wp-json\/wp\/v2\/users\/2"}],"replies":[{"embeddable":true,"href":"https:\/\/www.europesays.com\/se\/wp-json\/wp\/v2\/comments?post=129712"}],"version-history":[{"count":0,"href":"https:\/\/www.europesays.com\/se\/wp-json\/wp\/v2\/posts\/129712\/revisions"}],"wp:featuredmedia":[{"embeddable":true,"href":"https:\/\/www.europesays.com\/se\/wp-json\/wp\/v2\/media\/44600"}],"wp:attachment":[{"href":"https:\/\/www.europesays.com\/se\/wp-json\/wp\/v2\/media?parent=129712"}],"wp:term":[{"taxonomy":"category","embeddable":true,"href":"https:\/\/www.europesays.com\/se\/wp-json\/wp\/v2\/categories?post=129712"},{"taxonomy":"post_tag","embeddable":true,"href":"https:\/\/www.europesays.com\/se\/wp-json\/wp\/v2\/tags?post=129712"}],"curies":[{"name":"wp","href":"https:\/\/api.w.org\/{rel}","templated":true}]}}