{"id":129717,"date":"2026-01-08T14:49:09","date_gmt":"2026-01-08T14:49:09","guid":{"rendered":"https:\/\/www.europesays.com\/se\/129717\/"},"modified":"2026-01-08T14:49:09","modified_gmt":"2026-01-08T14:49:09","slug":"benjamin-laturnus-till-sallskapet-ois-fotboll","status":"publish","type":"post","link":"https:\/\/www.europesays.com\/se\/129717\/","title":{"rendered":"Benjamin Laturnus till S\u00e4llskapet &#8211; \u00d6IS Fotboll"},"content":{"rendered":"<p><strong>\u00d6IS Fotboll har s\u00e4krat \u00e4nnu ett nyf\u00f6rv\u00e4rv. Mittf\u00e4ltaren Benjamin Laturnus \u00e4r klar f\u00f6r klubben och har tecknat ett tre\u00e5rigt avtal.<\/strong><\/p>\n<p>Benjamin, 22 \u00e5r, ansluter n\u00e4rmast fr\u00e5n Hammarby TFF i Division 1 Norra. Under den g\u00e5ngna s\u00e4songen var han en b\u00e4rande spelare och noterades f\u00f6r 27 matcher, varav 26 fr\u00e5n start, n\u00e4r laget var ytterst n\u00e4ra att ta steget upp till Superettan. Tidigare var han en nyckelspelare i Nordic United och deltog i b\u00e5da kvalm\u00f6tena mot \u00d6IS s\u00e4songen 2023. Fotbollsutbildningen i unga \u00e5r har han f\u00e5tt i Djurg\u00e5rdens IF.<\/p>\n<p><strong>Pontus Farnerud, sportchef \u00d6IS Fotboll<\/strong><\/p>\n<ul class=\"wp-block-list\">\n<li>Det k\u00e4nns v\u00e4ldigt bra vi kommit \u00f6verens med Benjamin och att han k\u00e4nner att han vill vara en del av \u00d6IS och det vi byggt upp. Benjamin har ett stort driv av att forts\u00e4tta utvecklas och besitter i sin roll som central mittf\u00e4ltare intressanta egenskaper som passar v\u00e4l in i v\u00e5rt s\u00e4tt att spela.<\/li>\n<\/ul>\n<p><strong>Benjamin Laturnus <\/strong><\/p>\n<p><img decoding=\"async\"  alt=\"\" data-height=\"1707\" data-id=\"79154\" data-link=\"https:\/\/oisfotboll.se\/?attachment_id=79154\" data-url=\"https:\/\/oisfotboll.se\/wp-content\/uploads\/2026\/01\/DSC07274-1024x683.jpg\" data-width=\"2560\" src=\"https:\/\/www.europesays.com\/se\/wp-content\/uploads\/2026\/01\/DSC07274-1024x683.jpg\" data-amp-layout=\"responsive\"\/><\/p>\n<p>Foto &amp; video: Daniele Guglielmin<\/p>\n","protected":false},"excerpt":{"rendered":"\u00d6IS Fotboll har s\u00e4krat \u00e4nnu ett nyf\u00f6rv\u00e4rv. Mittf\u00e4ltaren Benjamin Laturnus \u00e4r klar f\u00f6r klubben och har tecknat ett&hellip;\n","protected":false},"author":2,"featured_media":129718,"comment_status":"","ping_status":"","sticky":false,"template":"","format":"standard","meta":{"footnotes":""},"categories":[5],"tags":[22,23,26,27,17,21,24,25,28,29,15,16,18,34,31,33,32,30,19,20],"class_list":{"0":"post-129717","1":"post","2":"type-post","3":"status-publish","4":"format-standard","5":"has-post-thumbnail","7":"category-rubriker","8":"tag-breaking-news","9":"tag-breakingnews","10":"tag-featured-news","11":"tag-featurednews","12":"tag-headlines","13":"tag-huvudnyheter","14":"tag-latest-news","15":"tag-latestnews","16":"tag-main-news","17":"tag-mainnews","18":"tag-news","19":"tag-nyheter","20":"tag-rubriker","21":"tag-se","22":"tag-svenska","23":"tag-sverige","24":"tag-sweden","25":"tag-swedish","26":"tag-top-stories","27":"tag-topstories"},"share_on_mastodon":{"url":"https:\/\/pubeurope.com\/@se\/115860036827416778","error":""},"_links":{"self":[{"href":"https:\/\/www.europesays.com\/se\/wp-json\/wp\/v2\/posts\/129717","targetHints":{"allow":["GET"]}}],"collection":[{"href":"https:\/\/www.europesays.com\/se\/wp-json\/wp\/v2\/posts"}],"about":[{"href":"https:\/\/www.europesays.com\/se\/wp-json\/wp\/v2\/types\/post"}],"author":[{"embeddable":true,"href":"https:\/\/www.europesays.com\/se\/wp-json\/wp\/v2\/users\/2"}],"replies":[{"embeddable":true,"href":"https:\/\/www.europesays.com\/se\/wp-json\/wp\/v2\/comments?post=129717"}],"version-history":[{"count":0,"href":"https:\/\/www.europesays.com\/se\/wp-json\/wp\/v2\/posts\/129717\/revisions"}],"wp:featuredmedia":[{"embeddable":true,"href":"https:\/\/www.europesays.com\/se\/wp-json\/wp\/v2\/media\/129718"}],"wp:attachment":[{"href":"https:\/\/www.europesays.com\/se\/wp-json\/wp\/v2\/media?parent=129717"}],"wp:term":[{"taxonomy":"category","embeddable":true,"href":"https:\/\/www.europesays.com\/se\/wp-json\/wp\/v2\/categories?post=129717"},{"taxonomy":"post_tag","embeddable":true,"href":"https:\/\/www.europesays.com\/se\/wp-json\/wp\/v2\/tags?post=129717"}],"curies":[{"name":"wp","href":"https:\/\/api.w.org\/{rel}","templated":true}]}}