{"id":129721,"date":"2026-01-08T14:52:10","date_gmt":"2026-01-08T14:52:10","guid":{"rendered":"https:\/\/www.europesays.com\/se\/129721\/"},"modified":"2026-01-08T14:52:10","modified_gmt":"2026-01-08T14:52:10","slug":"en-unik-mojlighet-for-idrotten-vlt","status":"publish","type":"post","link":"https:\/\/www.europesays.com\/se\/129721\/","title":{"rendered":"En unik m\u00f6jlighet f\u00f6r idrotten \u2013 VLT"},"content":{"rendered":"<p>Detta \u00e4r en ins\u00e4ndare.\u00c5sikterna \u00e4r skribentens egna.<\/p>\n<p><strong>En styrgrupp f\u00f6r nya<\/strong> Rocklunda har bildats. Vart\u00e5t kommer de styra? <\/p>\n<p>V\u00e4ster\u00e5s har f\u00e5tt en andra chans att g\u00f6ra n\u00e5got bra med Rocklunda. N\u00e5got som kan p\u00e5verka och f\u00f6r\u00e4ndra staden flera hundra \u00e5r fram\u00e5t. <\/p>\n<p>Det handlar om s\u00e5 oerh\u00f6rt mycket mer \u00e4n att bygga arenor f\u00f6r elitlag. Elitidrott och ungdomsidrott lever i symbios med varandra och de driver varandra. <\/p>\n<p aria-disabled=\"true\" class=\"ad__preamble ad-text txt-style-muted txt-ui txt-ui--strong txt-ui-2\">Annons<\/p>\n<p>Idrott kan forma en stad, p\u00e5verka folkh\u00e4lsan och levnadsvanor, ge meningsfull fritid till barn och vuxna, skapa sammanh\u00e5llning, p\u00e5verka stadens kultur, sj\u00e4lvbild och stolthet. Listan p\u00e5 vad idrott kan betyda f\u00f6r m\u00e4nniskorna i en stad kan g\u00f6ras n\u00e4stan o\u00e4ndlig!<\/p>\n<p aria-disabled=\"true\" class=\"ad__preamble ad-text txt-style-muted txt-ui txt-ui--strong txt-ui-2\">Annons<\/p>\n<p><strong>N\u00e4r det ska styras<\/strong> och beslutas hoppas jag att styrgruppen och beslutsfattare ocks\u00e5 ser till detta. <\/p>\n<p>\u00c4r det pengarna och kostnader som styr eller \u00e4r det en vision om n\u00e5got st\u00f6rre som kan h\u00e5lla \u00f6ver tid? <\/p>\n<p>Jag hoppas att man v\u00e5gar se det som en unik m\u00f6jlighet till en investering f\u00f6r V\u00e4ster\u00e5s. Att man l\u00e5ter visionen om n\u00e5got betydelsefullt f\u00e5 styra och inte begr\u00e4nsas av kostnadsr\u00e4dsla. <\/p>\n<p><strong>PL<\/strong><\/p>\n","protected":false},"excerpt":{"rendered":"Detta \u00e4r en ins\u00e4ndare.\u00c5sikterna \u00e4r skribentens egna. En styrgrupp f\u00f6r nya Rocklunda har bildats. Vart\u00e5t kommer de styra?&hellip;\n","protected":false},"author":2,"featured_media":129722,"comment_status":"","ping_status":"","sticky":false,"template":"","format":"standard","meta":{"footnotes":""},"categories":[67],"tags":[104,34,31,33,32,30,105],"class_list":{"0":"post-129721","1":"post","2":"type-post","3":"status-publish","4":"format-standard","5":"has-post-thumbnail","7":"category-underhallning","8":"tag-entertainment","9":"tag-se","10":"tag-svenska","11":"tag-sverige","12":"tag-sweden","13":"tag-swedish","14":"tag-underhallning"},"share_on_mastodon":{"url":"https:\/\/pubeurope.com\/@se\/115860048601590029","error":""},"_links":{"self":[{"href":"https:\/\/www.europesays.com\/se\/wp-json\/wp\/v2\/posts\/129721","targetHints":{"allow":["GET"]}}],"collection":[{"href":"https:\/\/www.europesays.com\/se\/wp-json\/wp\/v2\/posts"}],"about":[{"href":"https:\/\/www.europesays.com\/se\/wp-json\/wp\/v2\/types\/post"}],"author":[{"embeddable":true,"href":"https:\/\/www.europesays.com\/se\/wp-json\/wp\/v2\/users\/2"}],"replies":[{"embeddable":true,"href":"https:\/\/www.europesays.com\/se\/wp-json\/wp\/v2\/comments?post=129721"}],"version-history":[{"count":0,"href":"https:\/\/www.europesays.com\/se\/wp-json\/wp\/v2\/posts\/129721\/revisions"}],"wp:featuredmedia":[{"embeddable":true,"href":"https:\/\/www.europesays.com\/se\/wp-json\/wp\/v2\/media\/129722"}],"wp:attachment":[{"href":"https:\/\/www.europesays.com\/se\/wp-json\/wp\/v2\/media?parent=129721"}],"wp:term":[{"taxonomy":"category","embeddable":true,"href":"https:\/\/www.europesays.com\/se\/wp-json\/wp\/v2\/categories?post=129721"},{"taxonomy":"post_tag","embeddable":true,"href":"https:\/\/www.europesays.com\/se\/wp-json\/wp\/v2\/tags?post=129721"}],"curies":[{"name":"wp","href":"https:\/\/api.w.org\/{rel}","templated":true}]}}