{"id":129725,"date":"2026-01-08T14:57:10","date_gmt":"2026-01-08T14:57:10","guid":{"rendered":"https:\/\/www.europesays.com\/se\/129725\/"},"modified":"2026-01-08T14:57:10","modified_gmt":"2026-01-08T14:57:10","slug":"ilskan-efter-avkladda-ai-bilden-pa-busch-forbannad","status":"publish","type":"post","link":"https:\/\/www.europesays.com\/se\/129725\/","title":{"rendered":"Ilskan efter avkl\u00e4dda AI-bilden p\u00e5 Busch: \u201dF\u00f6rbannad\u201d"},"content":{"rendered":"<p>Publicerad 8 jan 2026 kl 12.18Uppdaterad kl 15.24<\/p>\n<p>P\u00e5 X anv\u00e4ndes AI f\u00f6r att kl\u00e4 av vice statsminister Ebba Busch.<\/p>\n<p>Digitalt sexuellt v\u00e5ld mot kvinnor och tjejer \u00e4r ett v\u00e4xande problem, s\u00e4ger Louise Hammargren, f\u00f6rbundsordf\u00f6rande f\u00f6r KDU.<\/p>\n<p>\u2013 Jag blir f\u00f6rbannad, s\u00e4ger hon.<\/p>\n<p><img   alt=\"\"\/><\/p>\n<p>KD-ledaren Ebba Busch har r\u00e5kat ut f\u00f6r en avkl\u00e4dd fejkbild.<\/p>\n<p>Foto: PELLE T NILSSON\/SPA<\/p>\n<p>\u00d6ppna bild i helsk\u00e4rm<img loading=\"lazy\"   alt=\"\"\/><\/p>\n<p>Louise Hammargren leder KD:s ungdomsf\u00f6rbund.<\/p>\n<p>Foto: JONAS ENG<\/p>\n<p>\u00d6ppna bild i helsk\u00e4rm<img loading=\"lazy\"   alt=\"\"\/><\/p>\n<p>Den riktiga bilden p\u00e5 Ebba Busch, som anv\u00e4ndare f\u00e5tt X-chattboten att manipulera.<\/p>\n<p>Foto: Frankie Fouganthin\/wiki<\/p>\n<p>\u00d6ppna bild i helsk\u00e4rmArtikeln i korthet<\/p>\n<p> En fejkad bild p\u00e5 KD-ledaren Ebba Busch i bikini har f\u00e5tt stor spridning p\u00e5 X.<\/p>\n<p> Den skapades med hj\u00e4lp av chattboten Grok och KDU-ordf\u00f6randen Louise Hammargren reagerar starkt mot att X l\u00e5ter anv\u00e4ndare skapa fejkade porrbilder.<\/p>\n<p> Enligt henne \u00e4r det en slags digitalt sexuellt v\u00e5ld \u2013 n\u00e5got som m\u00e5nga tjejer uts\u00e4tts f\u00f6r.<\/p>\n<p>Visa mer<\/p>\n<p>Med hj\u00e4lp av den inbyggda AI-tj\u00e4nsten Grok har anv\u00e4ndare p\u00e5 X de senaste veckorna genererat bilder som artificiellt kl\u00e4r av kvinnor och exempelvis byter ut kl\u00e4nningar mot bikini.\u00a0<\/p>\n<p><a href=\"https:\/\/www.expressen.se\/nyheter\/politik\/ai-porr-skapas-pa-musks-x-ebba-busch-drabbad\/\" rel=\"nofollow noopener\" target=\"_blank\">Falska avkl\u00e4dda bilder p\u00e5 KD-ledaren Ebba Busch<\/a> har n\u00e5tt miljontals anv\u00e4ndare p\u00e5 X. Louise Hammargren leder det kristdemokratiska ungdomsf\u00f6rbundet och reagerar kraftigt p\u00e5 bilderna i ett inl\u00e4gg p\u00e5 X, d\u00e4r hon skriver att ocks\u00e5 hon sj\u00e4lv f\u00e5tt en bild AI-genererad.<\/p>\n<p>F\u00f6r Expressen utvecklar hon kritiken.<\/p>\n<p>\u2013 Jag blir f\u00f6rbannad n\u00e4r jag ser att den h\u00e4r typen av bilder med sexuella anspelningar genereras och sprids mot n\u00e5gons vilja eller samtycke.<\/p>\n<p>Fr\u00e5gan om digitalt sexuellt v\u00e5ld som AI-genererade porrbilder har inte ber\u00f6rts tillr\u00e4ckligt, anser hon.<\/p>\n<p>\u2013 Det \u00e4r ett glapp i lagstiftningen. Samtidigt som det \u00e4r ett v\u00e4xande problem p\u00e5 flera plan, s\u00e4ger Louise Hammargren.<\/p>\n<p>\u201dG\u00f6r mig otroligt f\u00f6rbannad\u201d<\/p>\n<p>Danmark och Island har i dag lagar som f\u00f6rbjuder kr\u00e4nkande spridning av AI-genererat sexmaterial som foton och filmer. I Sverige \u00e4r det brottsligt att sprida bilder och filmer som kan utg\u00f6ra olaga integritetsintr\u00e5ng men fejkat eller genererat material behandlas inte uttryckligen.<\/p>\n<p>Polisen och organisationer som Ecpat har <a href=\"https:\/\/ecpat.se\/blogg\/ecpat-hotline-ser-en-okning-av-fotorealistiskt-ai-genererat-overgreppsmaterial\/\" rel=\"nofollow noopener\" target=\"_blank\">varnat<\/a> f\u00f6r en kraftig \u00f6kning av AI-genererat \u00a0\u00f6vergreppsmaterial, h\u00e4mndporr och barnporr. Det \u00e4r bilder som kan anv\u00e4ndas f\u00f6r att <a href=\"https:\/\/www.sverigesradio.se\/artikel\/larmet-ai-genererad-barnporr-anvands-som-utpressning\" rel=\"nofollow noopener\" target=\"_blank\">utpressa<\/a> barn och unga, men ocks\u00e5 f\u00f6r att f\u00f6rnedra och trakassera offentliga personer som politiker och k\u00e4ndisar.<\/p>\n<p>Det \u00e4r inga problem om man sj\u00e4lv v\u00e4ljer att l\u00e4gga upp en l\u00e4ttkl\u00e4dd eller avkl\u00e4dd bild p\u00e5 sig sj\u00e4lv, som i bikini p\u00e5 en strand, s\u00e4ger Louise Hammargren.<\/p>\n<p>\u2013 Det \u00e4r inte d\u00e4r problematiken ligger utan det \u00e4r i att det saknas samtycke hos den enskilda kvinnan. Och det g\u00f6r mig otroligt f\u00f6rbannad att m\u00e5nga tjejer blir utsatta f\u00f6r det h\u00e4r.<\/p>\n<p>Uppmaningen: Anm\u00e4l<\/p>\n<p>Louise Hammargren uppmanar alla som blir utsatta att anm\u00e4la bilderna och spridningen. Hon tycker ocks\u00e5 att plattformarna m\u00e5ste g\u00f6ra mer.<\/p>\n<p>\u2013 S\u00e5 klart m\u00e5ste X ta sitt ansvar i den h\u00e4r fr\u00e5gan. Det h\u00e5ller ocks\u00e5 p\u00e5 att v\u00e4xa fram EU-lagstiftning p\u00e5 det h\u00e4r omr\u00e5det och d\u00e4r tycker jag att det \u00e4r viktigt att Sverige \u00e4r en aktiv del i det arbetet.<\/p>\n<p>Som politiker f\u00e5r man leva med att man uts\u00e4tts f\u00f6r satir, s\u00e4ger hon.<\/p>\n<p>\u2013 Som att n\u00e5gon ritar en mustasch p\u00e5 ett foto eller vad det kan nu vara. Men den h\u00e4r skiten med sexuella anspelningar, d\u00e4r man f\u00e5r underkl\u00e4der eller baddr\u00e4kt eller vad det nu kan vara. Det \u00e4r grova saker n\u00e4r det sker utan samtycke.<\/p>\n<p><img alt=\"\"\/>Ljudklippet gick inte att spela upp<\/p>\n<p>F\u00f6rs\u00f6k igen senare<\/p>\n","protected":false},"excerpt":{"rendered":"Publicerad 8 jan 2026 kl 12.18Uppdaterad kl 15.24 P\u00e5 X anv\u00e4ndes AI f\u00f6r att kl\u00e4 av vice statsminister&hellip;\n","protected":false},"author":2,"featured_media":129726,"comment_status":"","ping_status":"","sticky":false,"template":"","format":"standard","meta":{"footnotes":""},"categories":[5],"tags":[22,23,26,27,17,21,24,25,28,29,15,16,13321,874,18,34,583,31,33,32,30,19,64,1242,966,20],"class_list":{"0":"post-129725","1":"post","2":"type-post","3":"status-publish","4":"format-standard","5":"has-post-thumbnail","7":"category-rubriker","8":"tag-breaking-news","9":"tag-breakingnews","10":"tag-featured-news","11":"tag-featurednews","12":"tag-headlines","13":"tag-huvudnyheter","14":"tag-latest-news","15":"tag-latestnews","16":"tag-main-news","17":"tag-mainnews","18":"tag-news","19":"tag-nyheter","20":"tag-organization-kristdemokratiska-ungdomsforbundet","21":"tag-person-ebba-busch","22":"tag-rubriker","23":"tag-se","24":"tag-sections-politik","25":"tag-svenska","26":"tag-sverige","27":"tag-sweden","28":"tag-swedish","29":"tag-top-stories","30":"tag-topic-artificiell-intelligens","31":"tag-topic-sexualbrott","32":"tag-topic-sociala-medier","33":"tag-topstories"},"share_on_mastodon":{"url":"https:\/\/pubeurope.com\/@se\/115860068478166654","error":""},"_links":{"self":[{"href":"https:\/\/www.europesays.com\/se\/wp-json\/wp\/v2\/posts\/129725","targetHints":{"allow":["GET"]}}],"collection":[{"href":"https:\/\/www.europesays.com\/se\/wp-json\/wp\/v2\/posts"}],"about":[{"href":"https:\/\/www.europesays.com\/se\/wp-json\/wp\/v2\/types\/post"}],"author":[{"embeddable":true,"href":"https:\/\/www.europesays.com\/se\/wp-json\/wp\/v2\/users\/2"}],"replies":[{"embeddable":true,"href":"https:\/\/www.europesays.com\/se\/wp-json\/wp\/v2\/comments?post=129725"}],"version-history":[{"count":0,"href":"https:\/\/www.europesays.com\/se\/wp-json\/wp\/v2\/posts\/129725\/revisions"}],"wp:featuredmedia":[{"embeddable":true,"href":"https:\/\/www.europesays.com\/se\/wp-json\/wp\/v2\/media\/129726"}],"wp:attachment":[{"href":"https:\/\/www.europesays.com\/se\/wp-json\/wp\/v2\/media?parent=129725"}],"wp:term":[{"taxonomy":"category","embeddable":true,"href":"https:\/\/www.europesays.com\/se\/wp-json\/wp\/v2\/categories?post=129725"},{"taxonomy":"post_tag","embeddable":true,"href":"https:\/\/www.europesays.com\/se\/wp-json\/wp\/v2\/tags?post=129725"}],"curies":[{"name":"wp","href":"https:\/\/api.w.org\/{rel}","templated":true}]}}