{"id":129764,"date":"2026-01-08T15:24:38","date_gmt":"2026-01-08T15:24:38","guid":{"rendered":"https:\/\/www.europesays.com\/se\/129764\/"},"modified":"2026-01-08T15:24:38","modified_gmt":"2026-01-08T15:24:38","slug":"lena-ulvaeus-ar-dod","status":"publish","type":"post","link":"https:\/\/www.europesays.com\/se\/129764\/","title":{"rendered":"Lena Ulvaeus \u00e4r d\u00f6d"},"content":{"rendered":"<p>Bj\u00f6rn och Lena var gifta i 41 \u00e5r, men separerade 2022. Bj\u00f6rn Ulvaeus s\u00e4ger till Expressen:\u2013 Jag saknar henne mycket. Det \u00e4r v\u00e4ldigt sorgligt att hon har d\u00f6tt. Jag t\u00e4nker ofta p\u00e5 henne fast vi skildes f\u00f6r fyra \u00e5r sedan. Och jag p\u00e5 t\u00e4nker p\u00e5 v\u00e5ra barn Emma och Anna i denna sorgens stund.Anna bor som bekant med sin familj i V\u00e4stervik och driver Slottsholmen. Emma jobbar <\/p>\n","protected":false},"excerpt":{"rendered":"Bj\u00f6rn och Lena var gifta i 41 \u00e5r, men separerade 2022. Bj\u00f6rn Ulvaeus s\u00e4ger till Expressen:\u2013 Jag saknar&hellip;\n","protected":false},"author":2,"featured_media":129765,"comment_status":"","ping_status":"","sticky":false,"template":"","format":"standard","meta":{"footnotes":""},"categories":[67],"tags":[104,34,31,33,32,30,105],"class_list":{"0":"post-129764","1":"post","2":"type-post","3":"status-publish","4":"format-standard","5":"has-post-thumbnail","7":"category-underhallning","8":"tag-entertainment","9":"tag-se","10":"tag-svenska","11":"tag-sverige","12":"tag-sweden","13":"tag-swedish","14":"tag-underhallning"},"share_on_mastodon":{"url":"https:\/\/pubeurope.com\/@se\/115860174480874037","error":""},"_links":{"self":[{"href":"https:\/\/www.europesays.com\/se\/wp-json\/wp\/v2\/posts\/129764","targetHints":{"allow":["GET"]}}],"collection":[{"href":"https:\/\/www.europesays.com\/se\/wp-json\/wp\/v2\/posts"}],"about":[{"href":"https:\/\/www.europesays.com\/se\/wp-json\/wp\/v2\/types\/post"}],"author":[{"embeddable":true,"href":"https:\/\/www.europesays.com\/se\/wp-json\/wp\/v2\/users\/2"}],"replies":[{"embeddable":true,"href":"https:\/\/www.europesays.com\/se\/wp-json\/wp\/v2\/comments?post=129764"}],"version-history":[{"count":0,"href":"https:\/\/www.europesays.com\/se\/wp-json\/wp\/v2\/posts\/129764\/revisions"}],"wp:featuredmedia":[{"embeddable":true,"href":"https:\/\/www.europesays.com\/se\/wp-json\/wp\/v2\/media\/129765"}],"wp:attachment":[{"href":"https:\/\/www.europesays.com\/se\/wp-json\/wp\/v2\/media?parent=129764"}],"wp:term":[{"taxonomy":"category","embeddable":true,"href":"https:\/\/www.europesays.com\/se\/wp-json\/wp\/v2\/categories?post=129764"},{"taxonomy":"post_tag","embeddable":true,"href":"https:\/\/www.europesays.com\/se\/wp-json\/wp\/v2\/tags?post=129764"}],"curies":[{"name":"wp","href":"https:\/\/api.w.org\/{rel}","templated":true}]}}