{"id":129782,"date":"2026-01-08T15:52:28","date_gmt":"2026-01-08T15:52:28","guid":{"rendered":"https:\/\/www.europesays.com\/se\/129782\/"},"modified":"2026-01-08T15:52:28","modified_gmt":"2026-01-08T15:52:28","slug":"region-vasternorrland-region-vasternorrland-hojer-lonerna-for-at-lakare-2026","status":"publish","type":"post","link":"https:\/\/www.europesays.com\/se\/129782\/","title":{"rendered":"Region V\u00e4sternorrland &#8211; Region V\u00e4sternorrland h\u00f6jer l\u00f6nerna f\u00f6r AT-l\u00e4kare 2026"},"content":{"rendered":"<p>&#13;<br \/>\n    &#13;<\/p>\n<p class=\"main-intro\">\n                                                Fr\u00e5n och med 2026 h\u00f6jer Region V\u00e4sternorrland ing\u00e5ngsl\u00f6nen f\u00f6r AT-l\u00e4kare till 42 000 kronor, med en upptrappning till 43 500 kronor efter 12 m\u00e5naders tj\u00e4nstg\u00f6ring. Satsningen g\u00f6rs f\u00f6r att erbjuda konkurrenskraftiga villkor och locka fler l\u00e4kare att inleda sin karri\u00e4r i V\u00e4sternorrland.\n                                            <\/p>\n<blockquote>\n<p>\u2013 Vi vill att V\u00e4sternorrland ska vara ett sj\u00e4lvklart val f\u00f6r nya l\u00e4kare. Bra villkor och en trygg utbildningsmilj\u00f6 \u00e4r avg\u00f6rande n\u00e4r man tar sina f\u00f6rsta steg i yrkeslivet, s\u00e4ger Jonas Lindb\u00e4ck, verksamhetschef f\u00f6r verksamhet utbildning.<\/p>\n<\/blockquote>\n<p>Varf\u00f6r g\u00f6rs satsningen?<\/p>\n<p>AT \u00e4r ofta avg\u00f6rande f\u00f6r var l\u00e4kare v\u00e4ljer att forts\u00e4tta arbeta. M\u00e5nga stannar i den region d\u00e4r de gjort sin AT, vilket g\u00f6r utbildningen till en central rekryteringsv\u00e4g. Samtidigt befinner sig Sverige i ett utbildningsskifte. Den svenska l\u00e4karutbildningen f\u00f6rl\u00e4ngdes 2021 fr\u00e5n 5,5 till 6 \u00e5r och leder nu direkt till legitimation. D\u00e4rf\u00f6r fasas AT successivt ut och ers\u00e4tts av bastj\u00e4nstg\u00f6ring (BT), en m\u00e5lstyrd och strukturerad introduktion som blir f\u00f6rsta delen av specialistutbildningen.<\/p>\n<p>Skiftet syftar till att skapa en mer sammanh\u00e5llen utbildningskedja och ge nyblivna legitimerade l\u00e4kare en trygg och kvalitetss\u00e4krad start i yrkeslivet. Det inneb\u00e4r ocks\u00e5 att 2026 \u00e4r det sista \u00e5ret som en full svensk kull examineras med krav p\u00e5 AT, vilket g\u00f6r tillg\u00e5ngen p\u00e5 AT-l\u00e4kare extra betydelsefull inf\u00f6r \u00f6verg\u00e5ngsperioden.<\/p>\n<p>Under \u00f6verg\u00e5ngsperioden examineras f\u00e4rre l\u00e4kare, vilket p\u00e5verkar tillg\u00e5ngen till AT\u2011l\u00e4kare. Den justerade l\u00f6nes\u00e4ttningen syftar till att s\u00e4kerst\u00e4lla stabil kompetensf\u00f6rs\u00f6rjning under denna period<\/p>\n<blockquote>\n<p>\u2013 De kommande \u00e5ren blir s\u00e4rskilt viktiga f\u00f6r att s\u00e4kerst\u00e4lla att nya l\u00e4kare v\u00e4ljer V\u00e4sternorrland. Med h\u00f6jda l\u00f6ner och goda utbildningsm\u00f6jligheter vill vi visa att vi satsar p\u00e5 framtidens l\u00e4kare, s\u00e4ger Jonas Lindb\u00e4ck.<\/p>\n<\/blockquote>\n<p>H\u00f6jda AT-l\u00f6ner 2026<\/p>\n<p>Som en del av satsningen h\u00f6js AT-l\u00e4karnas l\u00f6ner fr\u00e5n och med 2026. Ing\u00e5ngsl\u00f6nen blir 42\u202f000 kronor, med en h\u00f6jning till 43\u202f500 kronor efter 12 m\u00e5nader. Satsningen genomf\u00f6rs inom ramen f\u00f6r ordinarie budget.<\/p>\n<blockquote>\n<p>\u2013 Det h\u00e4r \u00e4r en l\u00e5ngsiktig och h\u00e5llbar satsning som st\u00e4rker v\u00e5r konkurrenskraft och visar att vi v\u00e4rdes\u00e4tter l\u00e4kare tidigt i karri\u00e4ren, s\u00e4ger Jonas Lindb\u00e4ck.<\/p>\n<\/blockquote>\n<p>En attraktiv utbildningsmilj\u00f6<\/p>\n<p>Region V\u00e4sternorrland arbetar m\u00e5lmedvetet f\u00f6r att erbjuda en utbildningstj\u00e4nst med god handledning, tydlig struktur och utvecklingsm\u00f6jligheter. Genom att kombinera konkurrenskraftiga villkor och ett gynnsamt utbildningsklimat vill regionen bli en naturlig startpunkt f\u00f6r framtidens l\u00e4kare.<\/p>\n<blockquote>\n<p>\u2013 Vi vill att fler ska v\u00e4lja att g\u00f6ra sin AT hos oss, och k\u00e4nna att V\u00e4sternorrland \u00e4r en plats d\u00e4r man kan bygga hela sin l\u00e4karkarri\u00e4r, avslutar Jonas Lindb\u00e4ck.<\/p>\n<\/blockquote>\n<p>&#13;<br \/>\n&#13;<br \/>\n&#13;<br \/>\n&#13;<\/p>\n","protected":false},"excerpt":{"rendered":"&#13; &#13; Fr\u00e5n och med 2026 h\u00f6jer Region V\u00e4sternorrland ing\u00e5ngsl\u00f6nen f\u00f6r AT-l\u00e4kare till 42 000 kronor, med en&hellip;\n","protected":false},"author":2,"featured_media":46945,"comment_status":"","ping_status":"","sticky":false,"template":"","format":"standard","meta":{"footnotes":""},"categories":[12],"tags":[22,23,26,27,17,21,24,25,28,29,15,16,18,34,31,33,32,30,19,20],"class_list":{"0":"post-129782","1":"post","2":"type-post","3":"status-publish","4":"format-standard","5":"has-post-thumbnail","7":"category-sverige","8":"tag-breaking-news","9":"tag-breakingnews","10":"tag-featured-news","11":"tag-featurednews","12":"tag-headlines","13":"tag-huvudnyheter","14":"tag-latest-news","15":"tag-latestnews","16":"tag-main-news","17":"tag-mainnews","18":"tag-news","19":"tag-nyheter","20":"tag-rubriker","21":"tag-se","22":"tag-svenska","23":"tag-sverige","24":"tag-sweden","25":"tag-swedish","26":"tag-top-stories","27":"tag-topstories"},"share_on_mastodon":{"url":"https:\/\/pubeurope.com\/@se\/115860284611168503","error":""},"_links":{"self":[{"href":"https:\/\/www.europesays.com\/se\/wp-json\/wp\/v2\/posts\/129782","targetHints":{"allow":["GET"]}}],"collection":[{"href":"https:\/\/www.europesays.com\/se\/wp-json\/wp\/v2\/posts"}],"about":[{"href":"https:\/\/www.europesays.com\/se\/wp-json\/wp\/v2\/types\/post"}],"author":[{"embeddable":true,"href":"https:\/\/www.europesays.com\/se\/wp-json\/wp\/v2\/users\/2"}],"replies":[{"embeddable":true,"href":"https:\/\/www.europesays.com\/se\/wp-json\/wp\/v2\/comments?post=129782"}],"version-history":[{"count":0,"href":"https:\/\/www.europesays.com\/se\/wp-json\/wp\/v2\/posts\/129782\/revisions"}],"wp:featuredmedia":[{"embeddable":true,"href":"https:\/\/www.europesays.com\/se\/wp-json\/wp\/v2\/media\/46945"}],"wp:attachment":[{"href":"https:\/\/www.europesays.com\/se\/wp-json\/wp\/v2\/media?parent=129782"}],"wp:term":[{"taxonomy":"category","embeddable":true,"href":"https:\/\/www.europesays.com\/se\/wp-json\/wp\/v2\/categories?post=129782"},{"taxonomy":"post_tag","embeddable":true,"href":"https:\/\/www.europesays.com\/se\/wp-json\/wp\/v2\/tags?post=129782"}],"curies":[{"name":"wp","href":"https:\/\/api.w.org\/{rel}","templated":true}]}}