{"id":129812,"date":"2026-01-08T16:36:45","date_gmt":"2026-01-08T16:36:45","guid":{"rendered":"https:\/\/www.europesays.com\/se\/129812\/"},"modified":"2026-01-08T16:36:45","modified_gmt":"2026-01-08T16:36:45","slug":"printateljen-skapar-at-bilhallar-museer-och-fotografer","status":"publish","type":"post","link":"https:\/\/www.europesays.com\/se\/129812\/","title":{"rendered":"Printatelj\u00e9n skapar \u00e5t bilhallar, museer och fotografer"},"content":{"rendered":"<p>\t\t\t\t\t<img fetchpriority=\"high\" decoding=\"async\" class=\"wp-image-243852 size-full\" src=\"https:\/\/www.europesays.com\/se\/wp-content\/uploads\/2026\/01\/Artform-main-image.jpg\" alt=\"\" width=\"1600\" height=\"1068\"  \/>Artform Design i G\u00f6teborg har sex anst\u00e4llda. Johannes Borg och Alex L\u00f6fgren arbetar i produktionen.<\/p>\n<p class=\"p1\"><strong>Artform Design investerar i ett modulbyggt monteringsbord med laminering fr\u00e5n Kala och en 120W CO2-laser fr\u00e5n Trotec.<\/strong><\/p>\n<p class=\"p1\">Verksamheten ligger i stadsdelen Nya Varvet vid G\u00f6teborgs inlopp, bara n\u00e5gra hundra meter fr\u00e5n \u00c4lvsborgsbron.<\/p>\n<p class=\"p3\">De arbetar fr\u00e4mst med koncept till Volvos bilhallar, men g\u00f6r \u00e4ven fine art-utskrifter f\u00f6r fotografer och konstn\u00e4rer \u2013 ofta p\u00e5 ovanliga material. De skapar ocks\u00e5 skyltar och bygger delar av utst\u00e4llningsmilj\u00f6er f\u00f6r museer och andra offentliga milj\u00f6er.<\/p>\n<p class=\"p2\">Samarbetet med Volvo b\u00f6rjade p\u00e5 80-talet n\u00e4r de ville ta sina bilhallar ett steg l\u00e4ngre. Artform Design har varit med och utvecklat deras s\u00e4ljkoncept i hallarna med retail, inredning och arkitektur. De g\u00f6r till exempel backdrops, fine art-print i storformat med mera.<\/p>\n<p class=\"p3\">Ungef\u00e4r 80 procent av jobben g\u00f6r de \u00e5t Volvo.<\/p>\n<p class=\"p3\">\u2013 Att ha dem som storkund har gett en stabil grund att utveckla atelj\u00e9n. Utan dem hade vi inte haft tre inredningsarkitekter och projektledare som sitter och ritar f\u00f6r Volvo som vi har idag, s\u00e4ger Johannes Borg, produktionsansvarig och projektledare.<\/p>\n<p><img loading=\"lazy\" decoding=\"async\" class=\"wp-image-243835 size-full\" src=\"https:\/\/www.europesays.com\/se\/wp-content\/uploads\/2026\/01\/Artform-DesignDSC_2098.jpg\" alt=\"\" width=\"1600\" height=\"1068\"  \/>F\u00f6retaget har investerat i ett modulbyggt monteringsbord med laminering fr\u00e5n Kala via \u00e5terf\u00f6rs\u00e4ljaren NI Solutions.<\/p>\n<p class=\"p3\">Volvo f\u00f6rnyar sina koncept med j\u00e4mna mellanrum och Artform Design har varit delaktiga vid dessa uppdateringar.<\/p>\n<p class=\"p3\">\u2013 Inredningsproduktionen innefattade bilder som gjort att vi b\u00f6rjade med olika skrivare. Vi har haft Epson-, HP-, Roland- och Z\u00fcndskrivare som tidigare tillgodosett det vi har gjort i Volvohallarna. N\u00e4r de ville ha tygbilder k\u00f6pte vi en stor textilprinter. N\u00e4r de inte l\u00e4ngre vill ha det s\u00e5lde vi den och skaffade en planprinter f\u00f6r d\u00e5 ville de ha utskrifter p\u00e5 plexi ist\u00e4llet, s\u00e4ger Johannes Borg.<\/p>\n<p class=\"p3\">\u2013 Nu st\u00e5r atelj\u00e9n lite mer p\u00e5 egna ben. Vi jobbar fortfarande mycket med Volvo, men str\u00e4var ocks\u00e5 efter att hitta fler kunder, forts\u00e4tter han.<\/p>\n<p class=\"p3\">Just nu arbetar Artform Design med ett projekt i en bilhall i Mariestad. De har ocks\u00e5 flera projekt i Norge \u00e5t biltillverkaren.<\/p>\n<p class=\"p3\">\u2013 I dag \u00e4r det en arkitektbyr\u00e5 som tar fram koncepten \u00e5t Volvo. Numera samarbetar vi med andra leverant\u00f6rer f\u00f6r att gestalta hela konceptet. Vi producerar dessutom mycket f\u00f6r fotografer, konstn\u00e4rer, arkitektkontor och \u00e4ven mus\u00e9er, s\u00e4ger Johannes Borg.<\/p>\n<p><img loading=\"lazy\" decoding=\"async\" class=\"wp-image-243845 size-full\" src=\"https:\/\/www.europesays.com\/se\/wp-content\/uploads\/2026\/01\/Artform-DesignDSC_2160.jpg\" alt=\"\" width=\"1600\" height=\"1067\"  \/>\u201dVi gjorde en god vinst f\u00f6rra \u00e5ret, och d\u00e5 best\u00e4mde vi oss f\u00f6r att investera\u201d s\u00e4ger Johannes Borg.<\/p>\n<p class=\"p4\"><b>Skapar milj\u00f6er<\/b><\/p>\n<p class=\"p2\">Ett annat ben \u00e4r just produktion \u00e5t museer och andra bes\u00f6ksm\u00e5l. Artform Design har hj\u00e4lpt n\u00e4stan alla museer i regionen som till exempel G\u00f6teborgs Naturhistoriska museum, Sj\u00f6fartsmuseet, V\u00e4nersborgs museum, Vitlycke Museum och L\u00f6d\u00f6se museum. Men ocks\u00e5 i andra delar av landet som Sofiero Slott i Helsingborg, T\u00e4ndsticksmuseet i J\u00f6nk\u00f6ping och ett escape room i Karlsborg.<\/p>\n<p class=\"p5\"><b>Det l\u00e5ter som att de \u00e4r lite mer \u201dsofistikerade\u201d jobb?<\/b><\/p>\n<p class=\"p3\">\u2013 Ja, det \u00e4r det v\u00e4l. Vi blir i princip aldrig upphandlade men vi f\u00e5r ofta producera det i slut\u00e4ndan d\u00e5 vi har b\u00e5de erfarenheten och maskinparken f\u00f6r det. Vissa museer vet vad vi kan och vi kan f\u00e5 lite friare tyglar f\u00f6r att vi kan g\u00f6ra specialsaker. Vi har f\u00f6rutom v\u00e5r stora planprinter \u00e4ven CNC och laser och kan g\u00f6ra skojigare saker \u00e4n bara skyltar, s\u00e4ger Alex L\u00f6fgren som projektleder de flesta kommun- och regionsuppdragen.<\/p>\n<p class=\"p3\">\u2013 N\u00e4r de \u00e4r privata akt\u00f6rer s\u00e5 blir det ofta lite mer special f\u00f6r d\u00e5 finns det grafiska formgivare och en byr\u00e5 bakom som vi f\u00e5r prata med, s\u00e4ger Johannes Borg.<\/p>\n<p class=\"p4\"><b>Tredje planskrivare<\/b><\/p>\n<p class=\"p2\">F\u00f6retaget grundades av Johannes Borg och Sara Dalilis far Ley. Idag arbetar \u00e4ven en kusin och farbror i verksamheten. Tidigare var \u00e4ven deras mor och farmor anst\u00e4llda. Sedan 2018 \u00e4r Sara vd.<\/p>\n<p class=\"p3\">Atelj\u00e9n \u00e4r m\u00e5lad i m\u00f6rka f\u00e4rger. F\u00f6nstren som sitter p\u00e5 v\u00e4ggen n\u00e4stan uppe i taket \u00e4r m\u00f6rklagda. P\u00e5 ett par st\u00e4llen sipprar solen igenom och ljuset sprids i l\u00e5nga str\u00e4ck.<\/p>\n<p class=\"p3\">I atelj\u00e9n bygger de ljusl\u00e5dor, printar och efterbehandlar. De b\u00f6rjade med Kodakskrivare f\u00f6r papper, men har ocks\u00e5 haft olika solventskrivare och en skrivare fr\u00e5n Z\u00fcnd, som egentligen \u00e4r k\u00e4nda f\u00f6r sina sk\u00e4rbord.<\/p>\n<p class=\"p3\">Nu har de sin tredje UV-skrivare, planprintern swissQprint Nyala 3, ink\u00f6pt fr\u00e5n NIZE Equipment. De har ocks\u00e5 sk\u00e4rbordet Z\u00fcnd G3 XL-3200 och storformatsskrivaren Epson SureColor SC-P20000.<\/p>\n<p><img loading=\"lazy\" decoding=\"async\" class=\"wp-image-243840 size-full\" src=\"https:\/\/www.europesays.com\/se\/wp-content\/uploads\/2026\/01\/Artform-DesignDSC_2126.jpg\" alt=\"\" width=\"1600\" height=\"1067\"  \/>Planskrivaren swisssQprint Nyala 3.<\/p>\n<p class=\"p4\"><b>Ny utrustning<\/b><\/p>\n<p class=\"p2\">Dessutom har de k\u00f6pt in flera nya maskiner.<\/p>\n<p class=\"p3\">\u2013 Vi gjorde en god vinst f\u00f6rra \u00e5ret, och d\u00e5 best\u00e4mde vi oss f\u00f6r att investera, ber\u00e4ttar Johannes Borg.<\/p>\n<p class=\"p3\">Valet blev lasermaskinen Trotec Q500 och ett nytt monteringsbord med laminering \u2013 en modulbyggd Kala Flatbed Laminator Applikator App4400L \u2013 k\u00f6pt via NI Solutions.<\/p>\n<p><img loading=\"lazy\" decoding=\"async\" class=\"wp-image-243842 size-full\" src=\"https:\/\/www.europesays.com\/se\/wp-content\/uploads\/2026\/01\/Artform-DesignDSC_2134.jpg\" alt=\"\" width=\"1600\" height=\"1067\"  \/>\u201dVissa museer vet vad vi kan och vi kan f\u00e5 lite friare tyglar f\u00f6r att vi kan g\u00f6ra specialsaker\u201d s\u00e4ger Alex L\u00f6fgren.<\/p>\n<p class=\"p3\">Det n\u00e4stan fem meter l\u00e5nga bordet anv\u00e4nder elmotorer i st\u00e4llet f\u00f6r tryckluft f\u00f6r att justera h\u00f6jden p\u00e5 bommen och trycket. Det inneb\u00e4r att man f\u00e5r ett j\u00e4mnt, fint tryck \u00f6ver hela valsen. Man kan laminera \u00f6ver i princip hela bordsytan. Det finns kontrollpaneler p\u00e5 b\u00e5da sidor om bommen. Bordet har tre f\u00f6rinst\u00e4llda tryckniv\u00e5er f\u00f6r olika moment: montering, pre-mask eller laminering.<\/p>\n<p><img loading=\"lazy\" decoding=\"async\" class=\"wp-image-243839 size-full\" src=\"https:\/\/www.europesays.com\/se\/wp-content\/uploads\/2026\/01\/Artform-DesignDSC_2121.jpg\" alt=\"\" width=\"1600\" height=\"1067\"  \/>Trotec Q500.<\/p>\n<p class=\"p3\">De anv\u00e4nder bordet mest f\u00f6r montering och sk\u00e4rning, men \u00e4ven f\u00f6r vissa lamineringsarbeten. Utskrifter fr\u00e5n UV-skrivaren lamineras dock i en annan maskin som har v\u00e4rme, eftersom det kr\u00e4vs f\u00f6r den typen av laminat och UV-utskrifter.<\/p>\n<p class=\"p3\">\u2013 Vi anv\u00e4nder Kalabordet n\u00e4r vi \u201dsandwichar\u201d material. Om man till exempel s\u00e4tter ihop dibond och aluminium. Eller kl\u00e4mmer ihop ljusl\u00e5dor, s\u00e4ger Johannes Borg.<\/p>\n<p class=\"p3\">Kalabordet \u00e4r utrustat med LED-belysning och har gott om f\u00f6rvaringsutrymme p\u00e5 undersidan.<\/p>\n<p><img loading=\"lazy\" decoding=\"async\" class=\"wp-image-243849 size-full\" src=\"https:\/\/www.europesays.com\/se\/wp-content\/uploads\/2026\/01\/Artform-DesignDSC_2171.jpg\" alt=\"\" width=\"1600\" height=\"1067\"  \/>Epson SureColor SC-P20000 har folierats i svart.<\/p>\n<p>\u00a0<\/p>\n<p class=\"p4\"><b>Fotografer en kundgrupp<\/b><\/p>\n<p class=\"p2\">Artform Design arbetar ocks\u00e5 f\u00f6r fotografer och konstn\u00e4rer, och kan printa p\u00e5 akryl, canvas, akustikplattor, dibond, fine art-papper, metall, tr\u00e4 och olika vinyler.<\/p>\n<p class=\"p3\">F\u00f6retaget har ocks\u00e5 en l\u00e5ng tradition av att hj\u00e4lpa studenterna p\u00e5 fotoutbildningen p\u00e5 HDK-Valand med utskrifter och inramning.<\/p>\n<p class=\"p3\">\u2013 De f\u00e5r ofta ett schyst pris. Det \u00e4r n\u00e4sta generation som \u00e4r potentiellt framtida kunder. De brukar ha n\u00e5gon vernissage p\u00e5 h\u00f6sten och p\u00e5 v\u00e5ren. Vi tar ocks\u00e5 emot studiebes\u00f6k fr\u00e5n skolor, s\u00e4ger Johannes Borg.<\/p>\n<p class=\"p3\">\u2013 De har en egen fotoskrivare p\u00e5 utbildningen men det \u00e4r sv\u00e5rt f\u00f6r dem att montera ordentligt, och vill de printa p\u00e5 aluminium eller plexi s\u00e5 kan det g\u00f6ra det h\u00e4r, s\u00e4ger Alex L\u00f6fgren.<\/p>\n<p class=\"p3\">\u2013 Eller Dibond, tr\u00e4, gummi och papper, till\u00e4gger Johannes Borg.<\/p>\n<p><img loading=\"lazy\" decoding=\"async\" class=\"wp-image-243850 size-full\" src=\"https:\/\/www.europesays.com\/se\/wp-content\/uploads\/2026\/01\/Artform-DesignDSC_2175.jpg\" alt=\"\" width=\"1600\" height=\"1067\"  \/>Artform Design hj\u00e4lper fotografer med fine art-print.<\/p>\n<p class=\"p3\">Artform Design marknadsf\u00f6r sig sj\u00e4lva ytterst lite, i st\u00e4llet \u00e4r det word of mouth som g\u00f6r att kunderna kommer.<\/p>\n<p class=\"p3\">\u2013 Men vi har n\u00e4stan som tv\u00e5 ambassad\u00f6rer, tv\u00e5 tunga namn p\u00e5 fotoh\u00f6gskolan som \u00e4r Jerker Andersson och Hendrik Zeitler. Kommer de hit s\u00e5 \u00e4r det ett ganska bra betyg, s\u00e4ger Johannes Borg.<\/p>\n<p><img loading=\"lazy\" decoding=\"async\" class=\"wp-image-243847 size-full\" src=\"https:\/\/www.europesays.com\/se\/wp-content\/uploads\/2026\/01\/Artform-DesignDSC_2168.jpg\" alt=\"\" width=\"1600\" height=\"1067\"  \/>Sk\u00e4rbordet Z\u00fcnd G3 2500.<\/p>\n<p><img loading=\"lazy\" decoding=\"async\" class=\"alignnone size-full wp-image-243834\" src=\"https:\/\/www.europesays.com\/se\/wp-content\/uploads\/2026\/01\/Artform-DesignDSC_2094.jpg\" alt=\"\" width=\"1600\" height=\"1068\"  \/><\/p>\n<p><img loading=\"lazy\" decoding=\"async\" class=\"alignnone size-full wp-image-243838\" src=\"https:\/\/www.europesays.com\/se\/wp-content\/uploads\/2026\/01\/Artform-DesignDSC_2120.jpg\" alt=\"\" width=\"2362\" height=\"1575\"  \/><\/p>\n<p><img loading=\"lazy\" decoding=\"async\" class=\"alignnone size-full wp-image-243843\" src=\"https:\/\/www.europesays.com\/se\/wp-content\/uploads\/2026\/01\/Artform-DesignDSC_2138.jpg\" alt=\"\" width=\"1600\" height=\"1068\"  \/><\/p>\n<p><img loading=\"lazy\" decoding=\"async\" class=\"wp-image-243856 size-full\" src=\"https:\/\/www.europesays.com\/se\/wp-content\/uploads\/2026\/01\/backdrop-vrse-stor-crop.jpg\" alt=\"\" width=\"481\" height=\"483\"  \/>Volvo \u00e4r en storkund f\u00f6r Artform Design. De hj\u00e4lper bland annat till med deras utst\u00e4llningsmilj\u00f6er i bilhallarna.<\/p>\n<p>\u00a0<\/p>\n","protected":false},"excerpt":{"rendered":"Artform Design i G\u00f6teborg har sex anst\u00e4llda. Johannes Borg och Alex L\u00f6fgren arbetar i produktionen. Artform Design investerar&hellip;\n","protected":false},"author":2,"featured_media":129813,"comment_status":"","ping_status":"","sticky":false,"template":"","format":"standard","meta":{"footnotes":""},"categories":[67],"tags":[13334,13335,104,13336,13337,13338,13339,13340,13341,34,13342,31,33,32,30,13343,13344,13345,13346,105,13347,13348],"class_list":{"0":"post-129812","1":"post","2":"type-post","3":"status-publish","4":"format-standard","5":"has-post-thumbnail","7":"category-underhallning","8":"tag-alex-lofgren","9":"tag-artform-design","10":"tag-entertainment","11":"tag-epson","12":"tag-johannes-borg","13":"tag-kala","14":"tag-kala-flatbed-laminator-applikator-app4400l","15":"tag-ni-solutions","16":"tag-nize-equipment","17":"tag-se","18":"tag-surecolor-sc-p20000","19":"tag-svenska","20":"tag-sverige","21":"tag-sweden","22":"tag-swedish","23":"tag-swissqprint","24":"tag-swissqprint-nyala-3","25":"tag-trotec","26":"tag-trotec-q500","27":"tag-underhallning","28":"tag-zund","29":"tag-zund-g3-xl-3200"},"share_on_mastodon":{"url":"https:\/\/pubeurope.com\/@se\/115860458158922602","error":""},"_links":{"self":[{"href":"https:\/\/www.europesays.com\/se\/wp-json\/wp\/v2\/posts\/129812","targetHints":{"allow":["GET"]}}],"collection":[{"href":"https:\/\/www.europesays.com\/se\/wp-json\/wp\/v2\/posts"}],"about":[{"href":"https:\/\/www.europesays.com\/se\/wp-json\/wp\/v2\/types\/post"}],"author":[{"embeddable":true,"href":"https:\/\/www.europesays.com\/se\/wp-json\/wp\/v2\/users\/2"}],"replies":[{"embeddable":true,"href":"https:\/\/www.europesays.com\/se\/wp-json\/wp\/v2\/comments?post=129812"}],"version-history":[{"count":0,"href":"https:\/\/www.europesays.com\/se\/wp-json\/wp\/v2\/posts\/129812\/revisions"}],"wp:featuredmedia":[{"embeddable":true,"href":"https:\/\/www.europesays.com\/se\/wp-json\/wp\/v2\/media\/129813"}],"wp:attachment":[{"href":"https:\/\/www.europesays.com\/se\/wp-json\/wp\/v2\/media?parent=129812"}],"wp:term":[{"taxonomy":"category","embeddable":true,"href":"https:\/\/www.europesays.com\/se\/wp-json\/wp\/v2\/categories?post=129812"},{"taxonomy":"post_tag","embeddable":true,"href":"https:\/\/www.europesays.com\/se\/wp-json\/wp\/v2\/tags?post=129812"}],"curies":[{"name":"wp","href":"https:\/\/api.w.org\/{rel}","templated":true}]}}