{"id":129819,"date":"2026-01-08T16:49:23","date_gmt":"2026-01-08T16:49:23","guid":{"rendered":"https:\/\/www.europesays.com\/se\/129819\/"},"modified":"2026-01-08T16:49:23","modified_gmt":"2026-01-08T16:49:23","slug":"spolning-av-dricksvattenledningar-nykoping-se","status":"publish","type":"post","link":"https:\/\/www.europesays.com\/se\/129819\/","title":{"rendered":"Spolning av dricksvattenledningar \u2013 nykoping.se"},"content":{"rendered":"<p>Tidigare har spolningar skett med vatten, nu g\u00f6r vi luft-vattenspolning f\u00f6r att f\u00e5 bort avlagringar i ledningarna.<\/p>\n<p><strong>Vid flera tillf\u00e4llen m\u00e5ste vi st\u00e4nga av vattnet och du beh\u00f6ver g\u00f6ra vissa \u00e5tg\u00e4rder.\u00a0<\/strong><\/p>\n<p>Spolningsarbetet sker i 5 etapper p\u00e5 olika str\u00e4ckor och alla fastigheter kommer vara utan vatten vid 2-3 tillf\u00e4llen under arbetet. Arbetet i J\u00f6n\u00e5ker ber\u00e4knas ta 2 veckor i anspr\u00e5k. Ber\u00f6rda hush\u00e5ll informeras via brev i brevl\u00e5dan fr\u00e5n v\u00e5r entrepren\u00f6r och sms fr\u00e5n Nyk\u00f6ping vatten.<\/p>\n<p>Vattenavst\u00e4ngning i hela J\u00f6n\u00e5ker m\u00e5ndag 12 januari<\/p>\n<p>F\u00f6rsta vattenavst\u00e4ngning 12\/1 januari, klockan 19.00-04.00 Denna tid st\u00e4nger vi av vattnet i hela J\u00f6n\u00e5ker, f\u00f6r att spola och rensa vattenledningar. H\u00e5ll vattenkranarna st\u00e4ngda under den angivna tiden, annars kan det bli kraftiga luftst\u00f6tar som kan skada dina ledningar.<\/p>\n<p><strong>Vattenavst\u00e4ngningar<\/strong><br \/>Etapp 1: m\u00e5ndag 12\/1 klockan 19.00\u201304.00. Vattenavst\u00e4ngning i hela J\u00f6n\u00e5ker.<br \/>Etapp 2: tisdag 13\/1 klockan 12.00\u201320.00. Vattenavst\u00e4ngning p\u00e5 Skolv\u00e4gen, inklusive skolan.\u00a0<br \/>Etapp 3: onsdag 14\/1 klockan 08.00\u201317.00. Vattenavst\u00e4ngning p\u00e5 del av Ringv\u00e4gen, Tuvhagsv\u00e4gen, BMI produktion (J\u00f6n\u00e5kerpannan), Villav\u00e4gen, Tybbleg\u00e5rden 2 (f\u00f6rskolan samt pizzerian).<br \/>Etapp 4: m\u00e5ndag 19\/1 klockan 11.00 \u2013 19.00. Vattenavst\u00e4ngning p\u00e5 Stationsv\u00e4gen, \u00d6stanv\u00e4gen, Lindv\u00e4gen samt adresser l\u00e4ngs del av v\u00e4g 800.<br \/>Etapp 5: tisdag 20\/1 klockan 08.00 \u2013 17.00. Vattenavst\u00e4ngning p\u00e5 Kvarnv\u00e4gen (inkl. \u00e4ldreboendet Betelhemmet), V\u00e4stanv\u00e4gen, Tybbleg\u00e5rden 2 (f\u00f6rskolan + pizzerian), BMI produktion (J\u00f6n\u00e5kerpannan).<\/p>\n<p>Regler under vattenavst\u00e4ngningen<\/p>\n<p>Information om vattenavst\u00e4ngningar via SMS<\/p>\n<p>Inf\u00f6r vattenavst\u00e4ngningarna kommer vi att skicka ut sms till mobilnummer registrerade i omr\u00e5det. Vill du och information via sms \u2013 kontrollera att ditt nummer finns med via nykoping.se\/vasms<\/p>\n<p>Risk f\u00f6r missf\u00e4rgat vatten<\/p>\n<p>N\u00e4r spolningen av huvudledningen \u00e4r klar, kan missf\u00e4rgat vatten finnas kvar i er servisledning. Det \u00e4r viktigt att ni f\u00f6ljer stegen under rubriken \u201datt g\u00f6ra efter slutf\u00f6rt arbete\u201d. Missf\u00e4rgat vatten kan \u00e4ven f\u00f6rekomma utanf\u00f6r omr\u00e5det d\u00e4r spolning p\u00e5g\u00e5r.<\/p>\n<p>Tack f\u00f6r att du har \u00f6verseende med st\u00f6rningarna arbetet orsakar. Vi g\u00f6r det f\u00f6r att fortsatt kunna leverera ett vatten med h\u00f6g kvalitet.<\/p>\n<p>J\u00e4rn och mangan\u00a0<\/p>\n<p>Under h\u00f6sten 2025 hade Nyk\u00f6ping problem med f\u00f6rh\u00f6jda halter av j\u00e4rn och mangan. Efter n\u00e5gra veckor av successiv vattenspolning av ledningarna var halterna \u00e5ter p\u00e5 godk\u00e4nda niv\u00e5er utom p\u00e5 ett par platser. Nu spolas och rensas ledningarna med luft- vattenspolning f\u00f6r att f\u00e5 bort avlagringarna i ledningarna.\u00a0<\/p>\n<p><a title=\"nyhet fr\u00e5n h\u00f6sten 2025\" href=\"https:\/\/www.nykoping.se\/arkiv\/nyheter\/atgarder-pa-lang-och-kort-sikt-mot-forhojda-manganhalter\/\" rel=\"nofollow noopener\" target=\"_blank\">H\u00e4r kan du l\u00e4sa tidigare nyhet om \u00e5tg\u00e4rder p\u00e5 kort och l\u00e5ng sikt.<\/a><\/p>\n","protected":false},"excerpt":{"rendered":"Tidigare har spolningar skett med vatten, nu g\u00f6r vi luft-vattenspolning f\u00f6r att f\u00e5 bort avlagringar i ledningarna. Vid&hellip;\n","protected":false},"author":2,"featured_media":2786,"comment_status":"","ping_status":"","sticky":false,"template":"","format":"standard","meta":{"footnotes":""},"categories":[12],"tags":[22,23,26,27,17,21,24,25,28,29,15,16,18,34,31,33,32,30,19,20],"class_list":{"0":"post-129819","1":"post","2":"type-post","3":"status-publish","4":"format-standard","5":"has-post-thumbnail","7":"category-sverige","8":"tag-breaking-news","9":"tag-breakingnews","10":"tag-featured-news","11":"tag-featurednews","12":"tag-headlines","13":"tag-huvudnyheter","14":"tag-latest-news","15":"tag-latestnews","16":"tag-main-news","17":"tag-mainnews","18":"tag-news","19":"tag-nyheter","20":"tag-rubriker","21":"tag-se","22":"tag-svenska","23":"tag-sverige","24":"tag-sweden","25":"tag-swedish","26":"tag-top-stories","27":"tag-topstories"},"share_on_mastodon":{"url":"https:\/\/pubeurope.com\/@se\/115860508694774533","error":""},"_links":{"self":[{"href":"https:\/\/www.europesays.com\/se\/wp-json\/wp\/v2\/posts\/129819","targetHints":{"allow":["GET"]}}],"collection":[{"href":"https:\/\/www.europesays.com\/se\/wp-json\/wp\/v2\/posts"}],"about":[{"href":"https:\/\/www.europesays.com\/se\/wp-json\/wp\/v2\/types\/post"}],"author":[{"embeddable":true,"href":"https:\/\/www.europesays.com\/se\/wp-json\/wp\/v2\/users\/2"}],"replies":[{"embeddable":true,"href":"https:\/\/www.europesays.com\/se\/wp-json\/wp\/v2\/comments?post=129819"}],"version-history":[{"count":0,"href":"https:\/\/www.europesays.com\/se\/wp-json\/wp\/v2\/posts\/129819\/revisions"}],"wp:featuredmedia":[{"embeddable":true,"href":"https:\/\/www.europesays.com\/se\/wp-json\/wp\/v2\/media\/2786"}],"wp:attachment":[{"href":"https:\/\/www.europesays.com\/se\/wp-json\/wp\/v2\/media?parent=129819"}],"wp:term":[{"taxonomy":"category","embeddable":true,"href":"https:\/\/www.europesays.com\/se\/wp-json\/wp\/v2\/categories?post=129819"},{"taxonomy":"post_tag","embeddable":true,"href":"https:\/\/www.europesays.com\/se\/wp-json\/wp\/v2\/tags?post=129819"}],"curies":[{"name":"wp","href":"https:\/\/api.w.org\/{rel}","templated":true}]}}