{"id":129820,"date":"2026-01-08T16:50:08","date_gmt":"2026-01-08T16:50:08","guid":{"rendered":"https:\/\/www.europesays.com\/se\/129820\/"},"modified":"2026-01-08T16:50:08","modified_gmt":"2026-01-08T16:50:08","slug":"personbilar-i-trafikolycka-pa-e16-i-norr-amsberg-i-borlange","status":"publish","type":"post","link":"https:\/\/www.europesays.com\/se\/129820\/","title":{"rendered":"Personbilar i trafikolycka p\u00e5 E16 i Norr Amsberg i Borl\u00e4nge"},"content":{"rendered":"<p>Vid 16.15-tiden kom det in ett larm om en krock med tv\u00e5 personbilar som kolliderat i Borl\u00e4nge. Det r\u00f6r sig om tv\u00e5 personbilar som ska ha kolliderat i s\u00f6derg\u00e5ende k\u00f6rf\u00e4lt. <\/p>\n<p>Fyra stycken enheter fr\u00e5n r\u00e4ddningstj\u00e4nsten samt tv\u00e5 ambulanser var p\u00e5 platsen uppger SOS Alarm. Ingen inblandad i olyckan har beh\u00f6vts f\u00f6ras till sjukhus. <\/p>\n<p>Trafiken bed\u00f6ms p\u00e5verkas fram till 17.45. <\/p>\n","protected":false},"excerpt":{"rendered":"Vid 16.15-tiden kom det in ett larm om en krock med tv\u00e5 personbilar som kolliderat i Borl\u00e4nge. Det&hellip;\n","protected":false},"author":2,"featured_media":793,"comment_status":"","ping_status":"","sticky":false,"template":"","format":"standard","meta":{"footnotes":""},"categories":[5],"tags":[22,23,26,27,17,21,24,25,28,29,15,16,18,34,31,33,32,30,19,20],"class_list":{"0":"post-129820","1":"post","2":"type-post","3":"status-publish","4":"format-standard","5":"has-post-thumbnail","7":"category-rubriker","8":"tag-breaking-news","9":"tag-breakingnews","10":"tag-featured-news","11":"tag-featurednews","12":"tag-headlines","13":"tag-huvudnyheter","14":"tag-latest-news","15":"tag-latestnews","16":"tag-main-news","17":"tag-mainnews","18":"tag-news","19":"tag-nyheter","20":"tag-rubriker","21":"tag-se","22":"tag-svenska","23":"tag-sverige","24":"tag-sweden","25":"tag-swedish","26":"tag-top-stories","27":"tag-topstories"},"share_on_mastodon":{"url":"https:\/\/pubeurope.com\/@se\/115860512571457947","error":""},"_links":{"self":[{"href":"https:\/\/www.europesays.com\/se\/wp-json\/wp\/v2\/posts\/129820","targetHints":{"allow":["GET"]}}],"collection":[{"href":"https:\/\/www.europesays.com\/se\/wp-json\/wp\/v2\/posts"}],"about":[{"href":"https:\/\/www.europesays.com\/se\/wp-json\/wp\/v2\/types\/post"}],"author":[{"embeddable":true,"href":"https:\/\/www.europesays.com\/se\/wp-json\/wp\/v2\/users\/2"}],"replies":[{"embeddable":true,"href":"https:\/\/www.europesays.com\/se\/wp-json\/wp\/v2\/comments?post=129820"}],"version-history":[{"count":0,"href":"https:\/\/www.europesays.com\/se\/wp-json\/wp\/v2\/posts\/129820\/revisions"}],"wp:featuredmedia":[{"embeddable":true,"href":"https:\/\/www.europesays.com\/se\/wp-json\/wp\/v2\/media\/793"}],"wp:attachment":[{"href":"https:\/\/www.europesays.com\/se\/wp-json\/wp\/v2\/media?parent=129820"}],"wp:term":[{"taxonomy":"category","embeddable":true,"href":"https:\/\/www.europesays.com\/se\/wp-json\/wp\/v2\/categories?post=129820"},{"taxonomy":"post_tag","embeddable":true,"href":"https:\/\/www.europesays.com\/se\/wp-json\/wp\/v2\/tags?post=129820"}],"curies":[{"name":"wp","href":"https:\/\/api.w.org\/{rel}","templated":true}]}}