{"id":129821,"date":"2026-01-08T16:53:16","date_gmt":"2026-01-08T16:53:16","guid":{"rendered":"https:\/\/www.europesays.com\/se\/129821\/"},"modified":"2026-01-08T16:53:16","modified_gmt":"2026-01-08T16:53:16","slug":"mitt-hjarta-slar-i-sambatakt","status":"publish","type":"post","link":"https:\/\/www.europesays.com\/se\/129821\/","title":{"rendered":"\u201dMitt hj\u00e4rta sl\u00e5r i sambatakt\u201d"},"content":{"rendered":"<p>Lill Lindfors sitter och sjunger f\u00f6r mig hemma i sitt k\u00f6k.<\/p>\n<p>Efter allt man sagt till mig \/ om det som kallas k\u00e4rlek \/ finns det d\u00e5 n\u00e5t nytt \/ som \u00e4r min egen variant\u2026<\/p>\n<p>Hon trummar l\u00e4tt p\u00e5 bordskanten f\u00f6r att markera den mjuka bossarytmen. \u201dJag tycker inte om dig\u201d var hennes debutsingel. F\u00f6rutom att ha en ovanligt kaxig titel f\u00f6r att komma fr\u00e5n en kvinnlig artist under 1960-talet, var det ocks\u00e5 h\u00e4r som hon introducerade sin egen version av brasiliansk musik f\u00f6r en svensk publik.<\/p>\n<p>\u2013 L\u00e5ten var egentligen en foxtrot fr\u00e5n b\u00f6rjan. Men jag tyckte kompet skulle vara brasilianskt. Jag tror inte komposit\u00f6ren gillade att jag gjorde om den, s\u00e4ger hon.<\/p>\n<p>          <img decoding=\"async\" class=\"picture__img\" src=\"https:\/\/www.europesays.com\/se\/wp-content\/uploads\/2026\/01\/7603576e-77ef-40f7-bf58-ce85c3507f34.jpeg\"   alt=\"Samba och bossa nova har varit en del av Lill Lindfors repertoar sedan 1960-talet.\"\/><\/p>\n<p>      Samba och bossa nova har varit en del av Lill Lindfors repertoar sedan 1960-talet.<\/p>\n<p>      Foto: Nicklas Thegerstr\u00f6m<\/p>\n<p>Hela det album som f\u00f6ljde gick i s\u00e5v\u00e4l sambans som bossa novans tecken. \u201dDu \u00e4r den ende\u201d fr\u00e5n 1967 \u00e4r en obestridlig svensk klassiker. Hon var redan en erfaren artist d\u00e5, och fanns p\u00e5 skiva tidigare, men det var nu hon presenterades i helfigur. Det fanns andra svenska artister som hade flirtat med brasiliansk musik, till exempel Monica Zetterlund, men ingen gjorde det s\u00e5 konsekvent som Lindfors. Det fortsatte dessutom vara en sj\u00e4lvklar del av hennes repertoar. Man kan s\u00e4ga att hon gjorde bossa p\u00e5 svenska p\u00e5 samma s\u00e4tt som Peps gjorde reggae p\u00e5 svenska \u2013 bara utifr\u00e5n ett popidiom.<\/p>\n<p><strong>Maj Lillemor Lindfors \u00e4r<\/strong> \u00e4lskv\u00e4rdheten sj\u00e4lv den h\u00e4r r\u00e5kalla decemberdagen. Hon kommer ner och h\u00e4mtar mig i porten, brygger kaffe till mig fast hon inte sj\u00e4lv ska ha och ber flera g\u00e5nger om urs\u00e4kt f\u00f6r saker hon inte minns. Att den varma och humoristiska m\u00e4nniska som sitter p\u00e5 andra sidan k\u00f6ksbordet under sin karri\u00e4r haft ett rykte om sig att ha varit \u201dbesv\u00e4rlig\u201d \u00e4r sm\u00e5tt obegripligt. Orsaken \u00e4r v\u00e4l antagligen den gamla vanliga: en kvinnlig artist som haft best\u00e4mda id\u00e9er om vad hon vill g\u00f6ra.<\/p>\n<p>Anledningen till att vi tr\u00e4ffas \u00e4r konserterna hon ger p\u00e5 Maxim i Stockholm den 10 och 11 januari. De utg\u00e5r helt fr\u00e5n hennes brasilianska l\u00e5tar och framf\u00f6r allt \u201dDu \u00e4r den ende\u201d. Teatern ligger inte l\u00e5ngt fr\u00e5n l\u00e4genheten vid G\u00e4rdet d\u00e4r vi sitter. Det blir flera cirklar som d\u00e5 sluts. Hon drev n\u00e4mligen Maximteatern med bland andra Magnus &amp; Brasse under 70- och 80-talen. Egentligen skulle konserterna ha g\u00e5tt av stapeln i september men Lill Lindfors ramlade, slog sig rej\u00e4lt och tvingades st\u00e4lla in. Hon br\u00f6t nyckelbenet och fick en hj\u00e4rnskakning.<\/p>\n<p>          <img decoding=\"async\" class=\"picture__img\" src=\"https:\/\/www.europesays.com\/se\/wp-content\/uploads\/2026\/01\/f12a000b-f777-472d-80c0-13aed6a5f371.jpeg\"   alt=\"Lill Lindfors med skivan \u201dDu \u00e4r den ende\u201d, 1968.\"\/><\/p>\n<p>      Lill Lindfors med skivan \u201dDu \u00e4r den ende\u201d, 1968.<\/p>\n<p>      Foto: Roger Tillberg\/TT<\/p>\n<p><strong>Redan som ung jazzlyssnare<\/strong> hade Lill Lindfors f\u00e5ngats av bossa novans varma vind, n\u00e4r hon blev inbjuden att upptr\u00e4da p\u00e5 en festival i Rio de Janeiro 1966. Hon fick med sig en nyskriven l\u00e5t, \u201dHej tyste man\u201d.<\/p>\n<p>\u2013 Den var inte s\u00e5 lyckad. Det var ju helt annat \u00e4n den brasilianska musiken.<\/p>\n<p><strong>Vad fick du f\u00f6r respons fr\u00e5n publiken?<\/strong><\/p>\n<p>\u2013 Ingen alls. Det var v\u00e4l d\u00e4rf\u00f6r den aldrig spelades in och gavs ut i Sverige\u2026<\/p>\n<p>Viktigast var \u00e4nd\u00e5 att hon fick uppleva landets musikmilj\u00f6 p\u00e5 n\u00e4ra h\u00e5ll. Det blev avg\u00f6rande inspiration till \u201dDu \u00e4r den ende\u201d. Den nydanande brasilianska konst- och musikr\u00f6relsen Tropic\u00e1lia-r\u00f6relsen l\u00e5g i sin linda och hon tr\u00e4ffade artister som senare skulle bli stora stj\u00e4rnor, som Gilberto Gil. Hon var p\u00e5 konsert med s\u00e5ngaren och poeten Vin\u00edcius de Moraes (vars l\u00e5tar hon senare tolkade) och gick p\u00e5 sambakv\u00e4llar d\u00e4r hon blev utsedd till \u201dsambans drottning\u201d.<\/p>\n<p>\u2013 Jag fick f\u00f6rst\u00e5s med mig massa musik hem. Den \u00e4r s\u00e5 l\u00e4cker, och rytmiken passar mig. Mitt hj\u00e4rta sl\u00e5r i sambatakt.<\/p>\n<p>          <img decoding=\"async\" class=\"picture__img\" src=\"https:\/\/www.europesays.com\/se\/wp-content\/uploads\/2026\/01\/06390559-961b-4100-8231-1124fe486af1.jpeg\"   alt=\"Lill Lindfors debuterade redan i slutet av 1950-talet.\"\/><\/p>\n<p>      Lill Lindfors debuterade redan i slutet av 1950-talet.<\/p>\n<p>      Foto: Nicklas Thegerstr\u00f6m<\/p>\n<p><strong>Spelningarna i januari<\/strong> genomf\u00f6rs med en orkester d\u00e4r den brasilianske basisten Rubem Farias, som bor i Stockholm, \u00e4r kapellm\u00e4stare. Lill Lindfors har ett A4-block framf\u00f6r sig med l\u00e5tarna uppskrivna.<\/p>\n<p>N\u00e4r jag tr\u00e4ffar den 85-\u00e5riga artisten har hon just medverkat p\u00e5 en hyllning till Cornelis Vreeswijk. F\u00f6r n\u00e5gra \u00e5r sedan gav hon sig ut p\u00e5 en avskedsturn\u00e9 och efter det har det bara blivit enstaka spelningar. Hon verkar tveksam till om det blir fler efter Maxim.<\/p>\n<p>\u2013 Jag tycker det k\u00e4nns r\u00e4tt lagom nu, faktiskt. Det f\u00f6rst\u00e4rktes ju ocks\u00e5 av fallet. Jag har kanske inte riktigt kommit tillbaka \u00e4n. \u00c5 andra sidan: i januari ska jag vara okej. Sedan f\u00e5r vi se.<\/p>\n<p>          Fakta.Lill Lindfors<\/p>\n<p><strong>Folkk\u00e4r s\u00e5ngerska<\/strong>, sk\u00e5despelare, komiker med mera.<\/p>\n<p><strong>F\u00f6dd 1940<\/strong> i Helsingfors.<\/p>\n<p><strong>Debuterade i<\/strong> slutet av 1950-talet och har framtr\u00e4tt med klassiska svenska underh\u00e5llare som Povel Ramel, Karl Gerhard och Hasse &amp; Tage.<\/p>\n<p><strong>Gjorde p\u00e5<\/strong> 1960-talet krogshower med bland andra Owe Th\u00f6rnqvist.<\/p>\n<p><strong>P\u00e5 sitt<\/strong> klassiska debutalbum \u201dDu \u00e4r den ende\u201d fr\u00e5n 1967 gjorde hon svensk pop i samba- och bossatakt.<\/p>\n<p><strong>Har gjort<\/strong> cirka 30 album, det senaste kom 2008.<\/p>\n<p><strong>Har varit<\/strong> programledare f\u00f6r s\u00e5v\u00e4l \u201dTio i topp\u201d som Eurovision song contest.<\/p>\n<p><strong>Invald i<\/strong> Swedish Music Hall of Fame.<\/p>\n<p><strong>Aktuell med<\/strong> tv\u00e5 konserter p\u00e5 Maxim i Stockholm, som utg\u00e5r fr\u00e5n hennes k\u00e4rlek till den brasilianska musiken, den 10 och 11 januari.<\/p>\n<p>            Visa mer<\/p>\n<p>            Visa mindre<\/p>\n","protected":false},"excerpt":{"rendered":"Lill Lindfors sitter och sjunger f\u00f6r mig hemma i sitt k\u00f6k. Efter allt man sagt till mig \/&hellip;\n","protected":false},"author":2,"featured_media":129822,"comment_status":"","ping_status":"","sticky":false,"template":"","format":"standard","meta":{"footnotes":""},"categories":[67],"tags":[104,34,31,33,32,30,105],"class_list":{"0":"post-129821","1":"post","2":"type-post","3":"status-publish","4":"format-standard","5":"has-post-thumbnail","7":"category-underhallning","8":"tag-entertainment","9":"tag-se","10":"tag-svenska","11":"tag-sverige","12":"tag-sweden","13":"tag-swedish","14":"tag-underhallning"},"share_on_mastodon":{"url":"https:\/\/pubeurope.com\/@se\/115860524426288430","error":""},"_links":{"self":[{"href":"https:\/\/www.europesays.com\/se\/wp-json\/wp\/v2\/posts\/129821","targetHints":{"allow":["GET"]}}],"collection":[{"href":"https:\/\/www.europesays.com\/se\/wp-json\/wp\/v2\/posts"}],"about":[{"href":"https:\/\/www.europesays.com\/se\/wp-json\/wp\/v2\/types\/post"}],"author":[{"embeddable":true,"href":"https:\/\/www.europesays.com\/se\/wp-json\/wp\/v2\/users\/2"}],"replies":[{"embeddable":true,"href":"https:\/\/www.europesays.com\/se\/wp-json\/wp\/v2\/comments?post=129821"}],"version-history":[{"count":0,"href":"https:\/\/www.europesays.com\/se\/wp-json\/wp\/v2\/posts\/129821\/revisions"}],"wp:featuredmedia":[{"embeddable":true,"href":"https:\/\/www.europesays.com\/se\/wp-json\/wp\/v2\/media\/129822"}],"wp:attachment":[{"href":"https:\/\/www.europesays.com\/se\/wp-json\/wp\/v2\/media?parent=129821"}],"wp:term":[{"taxonomy":"category","embeddable":true,"href":"https:\/\/www.europesays.com\/se\/wp-json\/wp\/v2\/categories?post=129821"},{"taxonomy":"post_tag","embeddable":true,"href":"https:\/\/www.europesays.com\/se\/wp-json\/wp\/v2\/tags?post=129821"}],"curies":[{"name":"wp","href":"https:\/\/api.w.org\/{rel}","templated":true}]}}