{"id":129823,"date":"2026-01-08T16:57:38","date_gmt":"2026-01-08T16:57:38","guid":{"rendered":"https:\/\/www.europesays.com\/se\/129823\/"},"modified":"2026-01-08T16:57:38","modified_gmt":"2026-01-08T16:57:38","slug":"evakuering-av-aldre-forbereds-under-snostormen","status":"publish","type":"post","link":"https:\/\/www.europesays.com\/se\/129823\/","title":{"rendered":"Evakuering av \u00e4ldre f\u00f6rbereds under sn\u00f6stormen"},"content":{"rendered":"<p>Bandvagnar och sn\u00f6skotrar st\u00e5r redo att rycka ut i \u00c5ngermanland efter att SMHI g\u00e5tt ut med en r\u00f6d varning f\u00f6r sn\u00f6fall som r\u00f6r sig norrut. Sedan i g\u00e5r, onsdag, har de tre drabbade kommunerna suttit i krisledningsm\u00f6ten med regionen och l\u00e4nsstyrelsen.<\/p>\n<p>\u2013 Vi har f\u00f6rberett evakuering, och f\u00f6ljer utvecklingen timme f\u00f6r timme s\u00e5 att vi kan se till att liv och h\u00e4lsa bevaras, s\u00e4ger Ingrid Nilsson, socialchef i H\u00e4rn\u00f6sands kommun.<\/p>\n<p>Kommunen har f\u00f6rberett sovplatser p\u00e5 s\u00e4rskilda boenden f\u00f6r brukare som kan beh\u00f6va evakueras, dessutom kan hemtj\u00e4nstpersonal f\u00e5 hj\u00e4lp av l\u00e4nsstyrelsens bandvagnar och sn\u00f6skotrar.<\/p>\n<p>\u2013 Ambulans och r\u00e4ddningstj\u00e4nst har ocks\u00e5 s\u00e5dan beredskap, s\u00e4ger Ingrid Nilsson.<\/p>\n<p><strong>I H\u00e4rn\u00f6sand och s\u00f6dra<\/strong> V\u00e4sternorrland v\u00e4ntas sn\u00f6stormen n\u00e5 sin kulmen efter klockan 15 p\u00e5 torsdagen. Men den v\u00e4ntas r\u00f6ra sig norrut vilket g\u00f6r att hela regionen har g\u00e5tt upp i stabsl\u00e4ge. Samtliga sjukhus och h\u00e4lsocentraler i l\u00e4net ber\u00f6rs och ambulanssjukv\u00e5rden har f\u00f6rst\u00e4rkt sin bemanning.<\/p>\n<p>R\u00e4ddningstj\u00e4nsten, Trafikverket, regionen och kommunerna Kramfors, H\u00e4rn\u00f6sand och \u00d6rnsk\u00f6ldsvik har under dagen haft krism\u00f6ten f\u00f6r att samordna sina resurser.<\/p>\n<p>          <img decoding=\"async\" class=\"picture__img\" src=\"https:\/\/www.europesays.com\/se\/wp-content\/uploads\/2026\/01\/a533dd7a-069f-4847-bd84-814a80dfda61.jpeg\"   alt=\"Sn\u00f6r\u00f6jning vid \u00d6rnsk\u00f6ldsviks sjukhus.\"\/><\/p>\n<p>      Sn\u00f6r\u00f6jning vid \u00d6rnsk\u00f6ldsviks sjukhus.<\/p>\n<p>      Foto: Leif Wikberg\/TT<\/p>\n<p>\u2013 Vi har blivit allt mer vana vid s\u00e5na h\u00e4r extremv\u00e4der s\u00e5 vi har b\u00f6rjat f\u00e5 rutin p\u00e5 detta och k\u00e4nner oss ganska lugna hittills, s\u00e4ger Tomas Wahlund, kommunikationschef i H\u00e4rn\u00f6sands kommun.<\/p>\n<p>Ingrid Nilsson inst\u00e4mmer:<\/p>\n<p>\u2013 Vi \u00e4r ju i Norrland s\u00e5 vi \u00e4r vana med sn\u00f6r\u00f6jning. Det finns ju v\u00e4ldigt m\u00e5nga traktorer och sn\u00f6r\u00f6jningsbilar och det brukar inte bli samma problem som l\u00e4ngre s\u00f6derut d\u00e4r det inte finns en uppbyggd organisation, s\u00e4ger hon.<\/p>\n<p>Hemv\u00e4rnet st\u00e5r redo med sina bandvagnar och man har rustat upp med extra b\u00e4rgningsresurser och st\u00e4llt in busslinjer i f\u00f6rebyggande syfte ber\u00e4ttar L\u00e4nsstyrelsen V\u00e4sternorrlands beredskapsdirekt\u00f6r Torbj\u00f6rn Westman. Ett Viktigt meddelande till allm\u00e4nheten (VMA) har \u00e4ven utf\u00e4rdats f\u00f6r boende i omr\u00e5det.<\/p>\n<p>\u2013 Ge dig inte ut i trafiken, uppmanar Torbj\u00f6rn Westman.<\/p>\n","protected":false},"excerpt":{"rendered":"Bandvagnar och sn\u00f6skotrar st\u00e5r redo att rycka ut i \u00c5ngermanland efter att SMHI g\u00e5tt ut med en r\u00f6d&hellip;\n","protected":false},"author":2,"featured_media":129824,"comment_status":"","ping_status":"","sticky":false,"template":"","format":"standard","meta":{"footnotes":""},"categories":[12],"tags":[22,23,26,27,17,21,24,25,28,29,15,16,18,34,31,33,32,30,19,20],"class_list":{"0":"post-129823","1":"post","2":"type-post","3":"status-publish","4":"format-standard","5":"has-post-thumbnail","7":"category-sverige","8":"tag-breaking-news","9":"tag-breakingnews","10":"tag-featured-news","11":"tag-featurednews","12":"tag-headlines","13":"tag-huvudnyheter","14":"tag-latest-news","15":"tag-latestnews","16":"tag-main-news","17":"tag-mainnews","18":"tag-news","19":"tag-nyheter","20":"tag-rubriker","21":"tag-se","22":"tag-svenska","23":"tag-sverige","24":"tag-sweden","25":"tag-swedish","26":"tag-top-stories","27":"tag-topstories"},"share_on_mastodon":{"url":"https:\/\/pubeurope.com\/@se\/115860540200016843","error":""},"_links":{"self":[{"href":"https:\/\/www.europesays.com\/se\/wp-json\/wp\/v2\/posts\/129823","targetHints":{"allow":["GET"]}}],"collection":[{"href":"https:\/\/www.europesays.com\/se\/wp-json\/wp\/v2\/posts"}],"about":[{"href":"https:\/\/www.europesays.com\/se\/wp-json\/wp\/v2\/types\/post"}],"author":[{"embeddable":true,"href":"https:\/\/www.europesays.com\/se\/wp-json\/wp\/v2\/users\/2"}],"replies":[{"embeddable":true,"href":"https:\/\/www.europesays.com\/se\/wp-json\/wp\/v2\/comments?post=129823"}],"version-history":[{"count":0,"href":"https:\/\/www.europesays.com\/se\/wp-json\/wp\/v2\/posts\/129823\/revisions"}],"wp:featuredmedia":[{"embeddable":true,"href":"https:\/\/www.europesays.com\/se\/wp-json\/wp\/v2\/media\/129824"}],"wp:attachment":[{"href":"https:\/\/www.europesays.com\/se\/wp-json\/wp\/v2\/media?parent=129823"}],"wp:term":[{"taxonomy":"category","embeddable":true,"href":"https:\/\/www.europesays.com\/se\/wp-json\/wp\/v2\/categories?post=129823"},{"taxonomy":"post_tag","embeddable":true,"href":"https:\/\/www.europesays.com\/se\/wp-json\/wp\/v2\/tags?post=129823"}],"curies":[{"name":"wp","href":"https:\/\/api.w.org\/{rel}","templated":true}]}}