{"id":129825,"date":"2026-01-08T16:58:08","date_gmt":"2026-01-08T16:58:08","guid":{"rendered":"https:\/\/www.europesays.com\/se\/129825\/"},"modified":"2026-01-08T16:58:08","modified_gmt":"2026-01-08T16:58:08","slug":"tysklands-sarbarhet-kan-sla-mot-nato-problem-med-infrastruktur","status":"publish","type":"post","link":"https:\/\/www.europesays.com\/se\/129825\/","title":{"rendered":"Tysklands s\u00e5rbarhet kan sl\u00e5 mot Nato \u2013 problem med infrastruktur"},"content":{"rendered":"<p><strong> BONN<\/strong> Operationsplan Tyskland \u2013 det l\u00e5ter som en av alla pappersprodukter som produceras i tyska departement och politiska staber. Och sedan gl\u00f6ms bort. Inte den h\u00e4r g\u00e5ngen. Operationsplanen som har tagits fram av den tyska f\u00f6rsvarsmakten Bundeswehr \u2013 och delvis \u00e4r hemligst\u00e4mplad \u2013 placerar Tysklands kritiska infrastruktur i centrum f\u00f6r Europas och Natos s\u00e4kerhet. Av detta f\u00f6ljer konkreta f\u00f6rslag som nu bit f\u00f6r bit oms\u00e4tts i lagar och politiska beslut.<\/p>\n<p>Bakgrunden \u00e4r Tysklands roll som logistiskt nav i hj\u00e4rtat av Europa. P\u00e5 Bundeswehrs hemsida <a href=\"https:\/\/www.bundeswehr.de\/de\/organisation\/operatives-fuehrungskommando-der-bundeswehr\/auftrag-und-aufgaben\/operationsplan-deutschland\" target=\"_blank\" rel=\"noopener noreferrer nofollow\">illustreras<\/a> det med kartor och skisser. Pilar pekar mot Nordsj\u00f6hamnarna d\u00e4r allierade trupper ska anl\u00e4nda och sedan fraktas genom Tyskland till \u00f6stflanken i Polen eller Litauen.<\/p>\n","protected":false},"excerpt":{"rendered":"BONN Operationsplan Tyskland \u2013 det l\u00e5ter som en av alla pappersprodukter som produceras i tyska departement och politiska&hellip;\n","protected":false},"author":2,"featured_media":129826,"comment_status":"","ping_status":"","sticky":false,"template":"","format":"standard","meta":{"footnotes":""},"categories":[5],"tags":[22,23,26,27,17,21,24,25,28,29,15,16,18,34,31,33,32,30,19,20],"class_list":{"0":"post-129825","1":"post","2":"type-post","3":"status-publish","4":"format-standard","5":"has-post-thumbnail","7":"category-rubriker","8":"tag-breaking-news","9":"tag-breakingnews","10":"tag-featured-news","11":"tag-featurednews","12":"tag-headlines","13":"tag-huvudnyheter","14":"tag-latest-news","15":"tag-latestnews","16":"tag-main-news","17":"tag-mainnews","18":"tag-news","19":"tag-nyheter","20":"tag-rubriker","21":"tag-se","22":"tag-svenska","23":"tag-sverige","24":"tag-sweden","25":"tag-swedish","26":"tag-top-stories","27":"tag-topstories"},"share_on_mastodon":{"url":"https:\/\/pubeurope.com\/@se\/115860544197799980","error":""},"_links":{"self":[{"href":"https:\/\/www.europesays.com\/se\/wp-json\/wp\/v2\/posts\/129825","targetHints":{"allow":["GET"]}}],"collection":[{"href":"https:\/\/www.europesays.com\/se\/wp-json\/wp\/v2\/posts"}],"about":[{"href":"https:\/\/www.europesays.com\/se\/wp-json\/wp\/v2\/types\/post"}],"author":[{"embeddable":true,"href":"https:\/\/www.europesays.com\/se\/wp-json\/wp\/v2\/users\/2"}],"replies":[{"embeddable":true,"href":"https:\/\/www.europesays.com\/se\/wp-json\/wp\/v2\/comments?post=129825"}],"version-history":[{"count":0,"href":"https:\/\/www.europesays.com\/se\/wp-json\/wp\/v2\/posts\/129825\/revisions"}],"wp:featuredmedia":[{"embeddable":true,"href":"https:\/\/www.europesays.com\/se\/wp-json\/wp\/v2\/media\/129826"}],"wp:attachment":[{"href":"https:\/\/www.europesays.com\/se\/wp-json\/wp\/v2\/media?parent=129825"}],"wp:term":[{"taxonomy":"category","embeddable":true,"href":"https:\/\/www.europesays.com\/se\/wp-json\/wp\/v2\/categories?post=129825"},{"taxonomy":"post_tag","embeddable":true,"href":"https:\/\/www.europesays.com\/se\/wp-json\/wp\/v2\/tags?post=129825"}],"curies":[{"name":"wp","href":"https:\/\/api.w.org\/{rel}","templated":true}]}}