{"id":129829,"date":"2026-01-08T17:01:25","date_gmt":"2026-01-08T17:01:25","guid":{"rendered":"https:\/\/www.europesays.com\/se\/129829\/"},"modified":"2026-01-08T17:01:25","modified_gmt":"2026-01-08T17:01:25","slug":"jubileumsaret-2026-sa-firas-kungens-80-arsdag-och-kungaparets-guldbrollop-elle-se","status":"publish","type":"post","link":"https:\/\/www.europesays.com\/se\/129829\/","title":{"rendered":"Jubileums\u00e5ret 2026: S\u00e5 firas kungens 80-\u00e5rsdag och kungaparets guldbr\u00f6llop &#8211; elle.se"},"content":{"rendered":"<ol>\n<li><a href=\"https:\/\/news.google.com\/rss\/articles\/CBMiswFBVV95cUxOV1VpM2xxVzhONFI3Wnc3bERwcllvWEt0SV9pakxxZDNUeTJTcW9oLThNWWZKUGI5U3FVT1lVNHZ5MXFLeXhXempMa09XNGJmUmh0M3I5MzctNFlEdVFKWFFON0RtTEYwc2ZDUmU0LUxhNDNvV2ZwVHd3bUliNXF1WjFMYml2YXAxdzQ3aTVvQzdjemJadWVsN3BEeHVfZDdPR3N1RTlSdUU3cU1ranJGZUhTMA?oc=5\" target=\"_blank\" rel=\"nofollow noopener\">Jubileums\u00e5ret 2026: S\u00e5 firas kungens 80-\u00e5rsdag och kungaparets guldbr\u00f6llop<\/a>&nbsp;&nbsp;elle.se<\/li>\n<li><a href=\"https:\/\/news.google.com\/rss\/articles\/CBMilAFBVV95cUxQa29oeEwxUE1ob2lIaWtpMl9GTzFzSTM3cGwxcmZocUpUdVo5b0NVNnRXSHJLdG52bHhLZzFGck9GUkx4YldmUVNNMW0tS1Y5NEUtU0x6ODctODBJMXFpRXBES1EyWmlPS1Nqc3dmRTZ1QktMU1poZkhJb1lzaXQ3WC13cFAzS0FBV2E0cXo5eTA4R2F1?oc=5\" target=\"_blank\" rel=\"nofollow noopener\">Kungen och Drottningen firas under 2026<\/a>&nbsp;&nbsp;Kungahuset<\/li>\n<li><a href=\"https:\/\/news.google.com\/rss\/articles\/CBMimwFBVV95cUxQLWRYVmlUcXJvZnAxTzhXUUp5bzlXSzBuSk1CM3BJZGNPQjZrTW1iTmxIRTVaLWVTUktCekpsR3ZoWk1CMjBfMHVtY2NSLUhvdlo3LXJ3ZmNLNmVWcndFdThTd3plaHY4aE5HMXVnMmtEZ2ctTFdEOHRjWFdQX3NIWTNvSXpuWnFQWUtodmREd3pVWDVfS3I2dFU0OA?oc=5\" target=\"_blank\" rel=\"nofollow noopener\">S\u00e5 firar kungaparet sina 50 \u00e5r som gifta: \u201dHemlig fest\u201d<\/a>&nbsp;&nbsp;Svensk Damtidning<\/li>\n<li><a href=\"https:\/\/news.google.com\/rss\/articles\/CBMimgFBVV95cUxPTktlWHUwSmVwNzVsNDlxNU1HSXhvTUZFdVMxNUQxeWZ5TDFmSnQ5ODhydjRvNjY2MkVSTE1uaXFXRUZ5VzR2WjZOV21QSjJwQjdvdV9fM0JhYjRqRnAxQmpScVF3d19ua1ItVFJpem0xZU4xamhXcWRsRjh6R3RiM3JOeUpXejhndng3SWdoQ1Z3QlowSHFwVm5n?oc=5\" target=\"_blank\" rel=\"nofollow noopener\">Nya officiella portr\u00e4tt p\u00e5 Kungen och Drottningen<\/a>&nbsp;&nbsp;News55<\/li>\n<li><a href=\"https:\/\/news.google.com\/rss\/articles\/CBMiowFBVV95cUxNTV8tRjB6X1k2emhiNHdtQnRjSXFZNS1pa254M0JoS01HWXR1NUxQelZZZzBaTFcwT2d5alFzSU5nTXVNN2s2R1BjMjZWRW95NHNaV1NHUm1KV2VZbzdlVWVycHltVHZQYTFabUFHVDZTTnBxV01nMU1LSnIwUmRRNkFabkVWaEROYk50c0hLa1NwMWlBQ25XRW1PMnYtcHRzQU9R?oc=5\" target=\"_blank\" rel=\"nofollow noopener\">Ystadsbon Thomas bar drottningens sl\u00e4p: \u201dOj, det var stort\u201d<\/a>&nbsp;&nbsp;Ystads Allehanda<\/li>\n<\/ol>\n","protected":false},"excerpt":{"rendered":"Jubileums\u00e5ret 2026: S\u00e5 firas kungens 80-\u00e5rsdag och kungaparets guldbr\u00f6llop&nbsp;&nbsp;elle.se Kungen och Drottningen firas under 2026&nbsp;&nbsp;Kungahuset S\u00e5 firar kungaparet&hellip;\n","protected":false},"author":2,"featured_media":129830,"comment_status":"","ping_status":"","sticky":false,"template":"","format":"standard","meta":{"footnotes":""},"categories":[67],"tags":[104,34,31,33,32,30,105],"class_list":{"0":"post-129829","1":"post","2":"type-post","3":"status-publish","4":"format-standard","5":"has-post-thumbnail","7":"category-underhallning","8":"tag-entertainment","9":"tag-se","10":"tag-svenska","11":"tag-sverige","12":"tag-sweden","13":"tag-swedish","14":"tag-underhallning"},"share_on_mastodon":{"url":"https:\/\/pubeurope.com\/@se\/115860555853145993","error":""},"_links":{"self":[{"href":"https:\/\/www.europesays.com\/se\/wp-json\/wp\/v2\/posts\/129829","targetHints":{"allow":["GET"]}}],"collection":[{"href":"https:\/\/www.europesays.com\/se\/wp-json\/wp\/v2\/posts"}],"about":[{"href":"https:\/\/www.europesays.com\/se\/wp-json\/wp\/v2\/types\/post"}],"author":[{"embeddable":true,"href":"https:\/\/www.europesays.com\/se\/wp-json\/wp\/v2\/users\/2"}],"replies":[{"embeddable":true,"href":"https:\/\/www.europesays.com\/se\/wp-json\/wp\/v2\/comments?post=129829"}],"version-history":[{"count":0,"href":"https:\/\/www.europesays.com\/se\/wp-json\/wp\/v2\/posts\/129829\/revisions"}],"wp:featuredmedia":[{"embeddable":true,"href":"https:\/\/www.europesays.com\/se\/wp-json\/wp\/v2\/media\/129830"}],"wp:attachment":[{"href":"https:\/\/www.europesays.com\/se\/wp-json\/wp\/v2\/media?parent=129829"}],"wp:term":[{"taxonomy":"category","embeddable":true,"href":"https:\/\/www.europesays.com\/se\/wp-json\/wp\/v2\/categories?post=129829"},{"taxonomy":"post_tag","embeddable":true,"href":"https:\/\/www.europesays.com\/se\/wp-json\/wp\/v2\/tags?post=129829"}],"curies":[{"name":"wp","href":"https:\/\/api.w.org\/{rel}","templated":true}]}}