{"id":129831,"date":"2026-01-08T17:06:08","date_gmt":"2026-01-08T17:06:08","guid":{"rendered":"https:\/\/www.europesays.com\/se\/129831\/"},"modified":"2026-01-08T17:06:08","modified_gmt":"2026-01-08T17:06:08","slug":"bussar-stalls-in-i-goteborg","status":"publish","type":"post","link":"https:\/\/www.europesays.com\/se\/129831\/","title":{"rendered":"Bussar st\u00e4lls in i G\u00f6teborg"},"content":{"rendered":"<p class=\"boxtextgrotesk-root_baa6 hyperion-css-7pajle\">Uppdaterad 16.06 | Publicerad 16.05<\/p>\n<p>share-arrowDela<\/p>\n<p>unsaveSpara<\/p>\n<p class=\"hyperion-css-1v9qo5x\">Ett 30-tal busslinjer st\u00e4lls in i <a data-test-tag=\"internal-link\" href=\"https:\/\/www.aftonbladet.se\/lokala-nyheter\/goteborg\" class=\"hyperion-css-15jkft9\" rel=\"nofollow noopener\" target=\"\" aria-label=\"G\u00f6teborg\">G\u00f6teborg<\/a> under torsdagseftermiddagen, skriver <a aria-label=\"G\u00f6teborgs-Posten\" class=\"default hyperion-css-15jkft9\" href=\"https:\/\/www.gp.se\/nyheter\/goteborg\/vasttrafik-om-snoovadret-ingen-normal-situation.9339ef9b-11e5-4944-83fb-40bc4d2cf44e?ifr-dir-postId=8a706f85-e96a-4ab9-92e9-69b67f6a2d9d\" rel=\"noopener nofollow noreferrer\" data-test-tag=\"external-link\" target=\"_blank\">G\u00f6teborgs-Posten<\/a>. <\/p>\n<p class=\"hyperion-css-1v9qo5x\">De flesta ber\u00f6r Hisingen. <\/p>\n<p class=\"hyperion-css-1v9qo5x\">\u2013 Det \u00e4r cirka 30 linjer som dragits in helt nu, och det \u00e4r p\u00e5 grund av att sn\u00f6r\u00f6jningen \u00e4r bristf\u00e4llig och det \u00e4r sv\u00e5rt att ang\u00f6ra h\u00e5llplatser, s\u00e4ger Patrik Chi, presstalesperson p\u00e5 V\u00e4sttrafik, till tidningen. <\/p>\n<p class=\"hyperion-css-1v9qo5x\">I nul\u00e4get finns ingen prognos. <\/p>\n","protected":false},"excerpt":{"rendered":"Uppdaterad 16.06 | Publicerad 16.05 share-arrowDela unsaveSpara Ett 30-tal busslinjer st\u00e4lls in i G\u00f6teborg under torsdagseftermiddagen, skriver G\u00f6teborgs-Posten.&hellip;\n","protected":false},"author":2,"featured_media":465,"comment_status":"","ping_status":"","sticky":false,"template":"","format":"standard","meta":{"footnotes":""},"categories":[5],"tags":[22,23,26,27,17,21,24,25,28,29,15,16,18,34,31,33,32,30,19,20],"class_list":{"0":"post-129831","1":"post","2":"type-post","3":"status-publish","4":"format-standard","5":"has-post-thumbnail","7":"category-rubriker","8":"tag-breaking-news","9":"tag-breakingnews","10":"tag-featured-news","11":"tag-featurednews","12":"tag-headlines","13":"tag-huvudnyheter","14":"tag-latest-news","15":"tag-latestnews","16":"tag-main-news","17":"tag-mainnews","18":"tag-news","19":"tag-nyheter","20":"tag-rubriker","21":"tag-se","22":"tag-svenska","23":"tag-sverige","24":"tag-sweden","25":"tag-swedish","26":"tag-top-stories","27":"tag-topstories"},"share_on_mastodon":{"url":"https:\/\/pubeurope.com\/@se\/115860575518796147","error":""},"_links":{"self":[{"href":"https:\/\/www.europesays.com\/se\/wp-json\/wp\/v2\/posts\/129831","targetHints":{"allow":["GET"]}}],"collection":[{"href":"https:\/\/www.europesays.com\/se\/wp-json\/wp\/v2\/posts"}],"about":[{"href":"https:\/\/www.europesays.com\/se\/wp-json\/wp\/v2\/types\/post"}],"author":[{"embeddable":true,"href":"https:\/\/www.europesays.com\/se\/wp-json\/wp\/v2\/users\/2"}],"replies":[{"embeddable":true,"href":"https:\/\/www.europesays.com\/se\/wp-json\/wp\/v2\/comments?post=129831"}],"version-history":[{"count":0,"href":"https:\/\/www.europesays.com\/se\/wp-json\/wp\/v2\/posts\/129831\/revisions"}],"wp:featuredmedia":[{"embeddable":true,"href":"https:\/\/www.europesays.com\/se\/wp-json\/wp\/v2\/media\/465"}],"wp:attachment":[{"href":"https:\/\/www.europesays.com\/se\/wp-json\/wp\/v2\/media?parent=129831"}],"wp:term":[{"taxonomy":"category","embeddable":true,"href":"https:\/\/www.europesays.com\/se\/wp-json\/wp\/v2\/categories?post=129831"},{"taxonomy":"post_tag","embeddable":true,"href":"https:\/\/www.europesays.com\/se\/wp-json\/wp\/v2\/tags?post=129831"}],"curies":[{"name":"wp","href":"https:\/\/api.w.org\/{rel}","templated":true}]}}