{"id":129832,"date":"2026-01-08T17:08:09","date_gmt":"2026-01-08T17:08:09","guid":{"rendered":"https:\/\/www.europesays.com\/se\/129832\/"},"modified":"2026-01-08T17:08:09","modified_gmt":"2026-01-08T17:08:09","slug":"henrik-larssons-sorg-pappan-francisco-rocha-dod","status":"publish","type":"post","link":"https:\/\/www.europesays.com\/se\/129832\/","title":{"rendered":"Henrik Larssons sorg \u2013 pappan Francisco Rocha d\u00f6d"},"content":{"rendered":"<p><a data-test-tag=\"internal-link\" href=\"https:\/\/www.aftonbladet.se\/av\/jonatan-pinheiro-diamant\" class=\"hyperion-css-13ns1rr\" rel=\"nofollow noopener\" target=\"\" aria-label=\"Se alla artiklar av Jonatan Pinheiro Diamant\"><img decoding=\"async\" class=\"image-asset hyperion-css-n6kkq1\" data-test-tag=\"image-asset\" src=\"https:\/\/www.europesays.com\/se\/wp-content\/uploads\/2026\/01\/1767892089_792_c79d8f99-4dae-4b51-877e-56b004edc21b.png\"  alt=\"\"  loading=\"lazy\" fetchpriority=\"auto\" style=\"aspect-ratio:1900 \/ 1900\"\/><\/a>share-arrowDela<\/p>\n<p>unsaveSpara<\/p>\n<p>Lyssna p\u00e5 artikelnLyssna p\u00e5&#8230;<\/p>\n<p>expand-left<\/p>\n<p>helsk\u00e4rm<img decoding=\"async\" class=\"image-asset hyperion-css-u06ts1\" data-test-tag=\"image-asset\" src=\"https:\/\/www.europesays.com\/se\/wp-content\/uploads\/2026\/01\/74c97869-6335-4a4c-89dc-4d882d3b5e98.jpeg\"  alt=\"\"  loading=\"eager\" fetchpriority=\"high\" style=\"aspect-ratio:1216 \/ 634\"\/><\/p>\n<p class=\"hyperion-css-1shl3oz\" data-test-tag=\"lead-text\">Henrik Larsson, 54, upplevde sitt livs sv\u00e5raste stund f\u00f6rra \u00e5ret.<\/p>\n<p class=\"hyperion-css-1shl3oz\" data-test-tag=\"lead-text\">Han f\u00f6rlorade sin pappa.<\/p>\n<p class=\"hyperion-css-1shl3oz\" data-test-tag=\"lead-text\">\u2013 Det var tufft, s\u00e4ger \u201dHenke\u201d i podcasten <a aria-label=\"The Overlap\" class=\"sportbladet hyperion-css-15jkft9\" href=\"https:\/\/www.youtube.com\/watch?v=pQxpL-rNAhE\" rel=\"noopener nofollow noreferrer\" data-test-tag=\"external-link\" target=\"_blank\">The Overlap<\/a>.<\/p>\n<p class=\"hyperion-css-1v9qo5x\">Den svenske fotbollslegendaren <a data-test-tag=\"internal-link\" href=\"https:\/\/www.aftonbladet.se\/tagg\/henrik-larsson\" class=\"hyperion-css-15jkft9\" rel=\"nofollow noopener\" target=\"\" aria-label=\"Henrik Larsson\" theme=\"sportbladet\">Henrik Larsson<\/a> har varit med i podcasten The Overlap, tillsammans med bland andra Gary Neville, Jamie Carragher, Roy Keane, Ian Wright och Jill Scott.<\/p>\n<p class=\"hyperion-css-1v9qo5x\">I podden pratar Larsson bland annat om sin fotbollskarri\u00e4r och om barnen Janelle, 24, och Jordan, 28, som ocks\u00e5 \u00e4r framg\u00e5ngsrika idrottare.<\/p>\n<p class=\"hyperion-css-1v9qo5x\">Janelle inom h\u00e4sthoppning och Jordan inom fotboll.<\/p>\n<p class=\"hyperion-css-1v9qo5x\">\u2013 Om barnen \u00e4r glada \u00e4r det l\u00e4tt f\u00f6r en f\u00f6r\u00e4lder att vara glad ocks\u00e5, s\u00e4ger Larsson.<\/p>\n<p>Ber\u00e4ttar om d\u00f6dsfallet<\/p>\n<p class=\"hyperion-css-1v9qo5x\">Podden avslutades med tittar- och lyssnarfr\u00e5gor och d\u00e5 undrade n\u00e5gon vad som varit Larssons sv\u00e5raste stund i livet.<\/p>\n<p class=\"hyperion-css-1v9qo5x\">Den stunden kom f\u00f6rra \u00e5ret, ber\u00e4ttar han.<\/p>\n<p class=\"hyperion-css-1v9qo5x\">\u2013 Jag f\u00f6rlorade min pappa i maj, s\u00e4ger Larsson.<\/p>\n<p class=\"hyperion-css-1v9qo5x\">Francisco Rocha kom fr\u00e5n Kap Verde och blev far till en av Sveriges st\u00f6rsta fotbollsspelare genom tiderna. Han dog precis innan Champions League-finalen i maj f\u00f6rra \u00e5ret.<\/p>\n<p class=\"hyperion-css-1v9qo5x\">\u2013 Det var tufft, s\u00e4ger \u201dHenke\u201d om hans bortg\u00e5ng.<\/p>\n<p class=\"hyperion-css-1v9qo5x\">\u2013 \u00c4ven om jag visste att det h\u00f6ll p\u00e5 att utvecklas \u00e5t det h\u00e5llet \u00e4r det alltid tufft att f\u00f6rlora en f\u00f6r\u00e4lder.<\/p>\n<p>Stora framg\u00e5ngar<\/p>\n<p class=\"hyperion-css-1v9qo5x\">Henrik Larsson debuterade i svenska landslaget 1993 och spelade sex stora m\u00e4sterskap med Bl\u00e5gult.<\/p>\n<p class=\"hyperion-css-1v9qo5x\">Han vann Guldbollen tv\u00e5 g\u00e5nger och fick \u00e4ven utm\u00e4rkelsen Tidernas Guldboll 2005. 108\u00a0000 personer r\u00f6stade fram honom till Sveriges b\u00e4sta fotbollsspelare n\u00e5gonsin.<\/p>\n<p class=\"hyperion-css-1v9qo5x\">Larsson blev ocks\u00e5 en klubblegendar i Celtic och vann Champions League med Barcelona.<\/p>\n","protected":false},"excerpt":{"rendered":"share-arrowDela unsaveSpara Lyssna p\u00e5 artikelnLyssna p\u00e5&#8230; expand-left helsk\u00e4rm Henrik Larsson, 54, upplevde sitt livs sv\u00e5raste stund f\u00f6rra \u00e5ret.&hellip;\n","protected":false},"author":2,"featured_media":129833,"comment_status":"","ping_status":"","sticky":false,"template":"","format":"standard","meta":{"footnotes":""},"categories":[68],"tags":[34,111,110,31,33,32,30],"class_list":{"0":"post-129832","1":"post","2":"type-post","3":"status-publish","4":"format-standard","5":"has-post-thumbnail","7":"category-sport","8":"tag-se","9":"tag-sport","10":"tag-sports","11":"tag-svenska","12":"tag-sverige","13":"tag-sweden","14":"tag-swedish"},"share_on_mastodon":{"url":"https:\/\/pubeurope.com\/@se\/115860583646981356","error":""},"_links":{"self":[{"href":"https:\/\/www.europesays.com\/se\/wp-json\/wp\/v2\/posts\/129832","targetHints":{"allow":["GET"]}}],"collection":[{"href":"https:\/\/www.europesays.com\/se\/wp-json\/wp\/v2\/posts"}],"about":[{"href":"https:\/\/www.europesays.com\/se\/wp-json\/wp\/v2\/types\/post"}],"author":[{"embeddable":true,"href":"https:\/\/www.europesays.com\/se\/wp-json\/wp\/v2\/users\/2"}],"replies":[{"embeddable":true,"href":"https:\/\/www.europesays.com\/se\/wp-json\/wp\/v2\/comments?post=129832"}],"version-history":[{"count":0,"href":"https:\/\/www.europesays.com\/se\/wp-json\/wp\/v2\/posts\/129832\/revisions"}],"wp:featuredmedia":[{"embeddable":true,"href":"https:\/\/www.europesays.com\/se\/wp-json\/wp\/v2\/media\/129833"}],"wp:attachment":[{"href":"https:\/\/www.europesays.com\/se\/wp-json\/wp\/v2\/media?parent=129832"}],"wp:term":[{"taxonomy":"category","embeddable":true,"href":"https:\/\/www.europesays.com\/se\/wp-json\/wp\/v2\/categories?post=129832"},{"taxonomy":"post_tag","embeddable":true,"href":"https:\/\/www.europesays.com\/se\/wp-json\/wp\/v2\/tags?post=129832"}],"curies":[{"name":"wp","href":"https:\/\/api.w.org\/{rel}","templated":true}]}}