{"id":129834,"date":"2026-01-08T17:09:30","date_gmt":"2026-01-08T17:09:30","guid":{"rendered":"https:\/\/www.europesays.com\/se\/129834\/"},"modified":"2026-01-08T17:09:30","modified_gmt":"2026-01-08T17:09:30","slug":"bast-pa-bio-just-nu-2-starka-oscarskandidater-har-premiar-till-helgen","status":"publish","type":"post","link":"https:\/\/www.europesays.com\/se\/129834\/","title":{"rendered":"B\u00e4st p\u00e5 bio just nu: 2 starka Oscarskandidater har premi\u00e4r till helgen"},"content":{"rendered":"<p>Nu n\u00e4r 2026 \u00e5rs films\u00e4song har startat v\u00e4ntar vi cineaster sp\u00e4nt p\u00e5 s\u00e5v\u00e4l \u00e5rets storfilmer som de mer dolda guldkornen. <\/p>\n<p>Oscarsgalan \u00e4r p\u00e5 ing\u00e5ng och bland de olika l\u00e4ndernas bidrag finns en hel del starka kandidater, tv\u00e5 filmer som varit aktuella har faktiskt premi\u00e4r p\u00e5 svenska biografer imorgon (fredag).<\/p>\n<p>The Little Sister<\/p>\n<p><img loading=\"lazy\" height=\"354\" width=\"648\" class=\"wp-image-710195 sp-no-webp perfmatters-lazy\" alt=\"\" decoding=\"async\" src=\"https:\/\/www.europesays.com\/se\/wp-content\/uploads\/2026\/01\/little-sister-648x354.jpg\"  data-\/> <\/p>\n<p><a href=\"https:\/\/www.moviezine.se\/movies\/the-little-sister\" rel=\"nofollow noopener\" target=\"_blank\">\u201dThe Little Sister\u201d<\/a> av Hafsia Herzi \u00e4r ett mycket t\u00e4nkv\u00e4rt drama om ung kvinna (Nadia Meliti) som l\u00e4mnar sin lilla hemstad och beger sig till Paris f\u00f6r att studera filosofi. V\u00e4l d\u00e4r uppt\u00e4cker hon nya sidor av sig sj\u00e4lv och slits mellan sin sexualitet och den strikta religi\u00f6sa uppv\u00e4xten. <\/p>\n<p>Det h\u00e4r \u00e4r en medryckande och v\u00e4lspelad film som l\u00e4mnar en med mycket eftertanke. Melitis huvudroll g\u00f6r starkt intryck och Park Ji-min \u00e4r likv\u00e4l klart minnesv\u00e4rd i sin rolltolkning. Vackert, melankoliskt foto som ackompanjerar tonen v\u00e4l och k\u00e4nns v\u00e4ldigt n\u00e4rg\u00e5ngen och intim. <\/p>\n<p>Vid Cannes filmfestival vann Herzis film Queerpalmen och Nadia Meliti f\u00f6r sin starka huvudroll. \u00c4ven Guldpalmen nominerades man till. Filmen kortlistades som Frankrikes Oscarsbidrag, men d\u00e4r \u201dDet var bara en olycka\u201d ist\u00e4llet gick vidare.<\/p>\n<p>Sound of Falling<\/p>\n<p><img loading=\"lazy\" height=\"365\" width=\"648\" class=\"wp-image-710196 sp-no-webp perfmatters-lazy\" alt=\"\" decoding=\"async\" src=\"https:\/\/www.europesays.com\/se\/wp-content\/uploads\/2026\/01\/sound-of-falling-648x365.jpg\"  data-\/> <\/p>\n<p>D\u00e4refter har <a href=\"https:\/\/www.moviezine.se\/movies\/sound-of-falling\" rel=\"nofollow noopener\" target=\"_blank\">\u201dSound of Falling\u201d<\/a> premi\u00e4r. Detta \u00e4r Tysklands Oscarsbidrag i regi av Mascha Schilinski och med Hanna Heckt, Lena Urzendowsky, Susanne Wuest med flera i rollistan.<\/p>\n<p>Efterl\u00e4ngtade dramat handlar om en liten g\u00e5rd i nord\u00f6stra Tyskland, tidigt 1900-tal fram till modern tid. Fyra generationer kvinnor spenderar sina somrar h\u00e4r och vi f\u00e5r f\u00f6lja sammanl\u00e4nkade trauman genom historien. Filmen vann det prestigefulla jurypriset i Cannes och tycks b\u00e4dda upp f\u00f6r en k\u00e4nsloladdad och storslagen filmupplevelse.<\/p>\n<p>Regiss\u00f6ren ber\u00e4ttade i en intervju med <a href=\"https:\/\/deadline.com\/2025\/05\/sound-of-falling-director-mascha-schilinskis-interview-1236391034\/\" rel=\"nofollow noopener\" target=\"_blank\">Deadline<\/a> hur id\u00e9n f\u00f6r filmen uppkom:<\/p>\n<p>\u201dVi var p\u00e5 en g\u00e5rd som varit \u00f6vergiven i femtio \u00e5r och s\u00e5g ett foto fr\u00e5n 1920-talet p\u00e5 v\u00e4ggarna som tittade ner p\u00e5 oss. Vi undrade vilka dessa kvinnor var och hur deras liv s\u00e5g ut, medan vi m\u00f6tte deras blickar. Vad var deras historia? (\u2026) I slut\u00e4ndan fick vi aldrig reda p\u00e5 exakt vilka de var, men efter att vi spelat in hittade jag en dagbok fr\u00e5n 1910-talet, skriven av en kvinna vid namn Bertha, som av ren slump \u00e4ven \u00e4r namnet p\u00e5 en av filmkarakt\u00e4rerna\u201d.<\/p>\n<p>Imorgon, fredag den 9 januari, har \u201dThe Little Sister\u201d och \u201dSound of Falling\u201d premi\u00e4r p\u00e5 biografer \u00f6ver landet.<\/p>\n<p>L\u00e4s ocks\u00e5: <a href=\"https:\/\/www.moviezine.se\/nyheter\/stellan-skarsgard-om-sentimental-value-kan-inte-alltid-gora-sa-har-bra-film\" title=\"Stellan Skarsg\u00e5rd om \u201dSentimental Value\u201d: \u201dKan inte alltid g\u00f6ra s\u00e5 h\u00e4r bra film\u201d\" class=\"underline-custom !font-montserrat !font-bold !underline-offset-4 !decoration-4 !decoration-moviezine-green !text-md\" rel=\"nofollow noopener\" target=\"_blank\">Stellan Skarsg\u00e5rd om \u201dSentimental Value\u201d: \u201dKan inte alltid g\u00f6ra s\u00e5 h\u00e4r bra film\u201d<\/a><\/p>\n<p>L\u00e4s ocks\u00e5: <a href=\"https:\/\/www.moviezine.se\/nyheter\/6-starka-filmer-for-alla-smaker-gar-upp-pa-bio-till-jul\" title=\"6 starka filmer f\u00f6r alla smaker g\u00e5r upp p\u00e5 bio till jul!\" class=\"underline-custom !font-montserrat !font-bold !underline-offset-4 !decoration-4 !decoration-moviezine-green !text-md\" rel=\"nofollow noopener\" target=\"_blank\">6 starka filmer f\u00f6r alla smaker g\u00e5r upp p\u00e5 bio till jul!<\/a><\/p>\n","protected":false},"excerpt":{"rendered":"Nu n\u00e4r 2026 \u00e5rs films\u00e4song har startat v\u00e4ntar vi cineaster sp\u00e4nt p\u00e5 s\u00e5v\u00e4l \u00e5rets storfilmer som de mer&hellip;\n","protected":false},"author":2,"featured_media":129835,"comment_status":"","ping_status":"","sticky":false,"template":"","format":"standard","meta":{"footnotes":""},"categories":[67],"tags":[2113,104,2395,34,31,33,32,30,105],"class_list":{"0":"post-129834","1":"post","2":"type-post","3":"status-publish","4":"format-standard","5":"has-post-thumbnail","7":"category-underhallning","8":"tag-bioaktuellt","9":"tag-entertainment","10":"tag-oscars","11":"tag-se","12":"tag-svenska","13":"tag-sverige","14":"tag-sweden","15":"tag-swedish","16":"tag-underhallning"},"share_on_mastodon":{"url":"https:\/\/pubeurope.com\/@se\/115860587338843580","error":""},"_links":{"self":[{"href":"https:\/\/www.europesays.com\/se\/wp-json\/wp\/v2\/posts\/129834","targetHints":{"allow":["GET"]}}],"collection":[{"href":"https:\/\/www.europesays.com\/se\/wp-json\/wp\/v2\/posts"}],"about":[{"href":"https:\/\/www.europesays.com\/se\/wp-json\/wp\/v2\/types\/post"}],"author":[{"embeddable":true,"href":"https:\/\/www.europesays.com\/se\/wp-json\/wp\/v2\/users\/2"}],"replies":[{"embeddable":true,"href":"https:\/\/www.europesays.com\/se\/wp-json\/wp\/v2\/comments?post=129834"}],"version-history":[{"count":0,"href":"https:\/\/www.europesays.com\/se\/wp-json\/wp\/v2\/posts\/129834\/revisions"}],"wp:featuredmedia":[{"embeddable":true,"href":"https:\/\/www.europesays.com\/se\/wp-json\/wp\/v2\/media\/129835"}],"wp:attachment":[{"href":"https:\/\/www.europesays.com\/se\/wp-json\/wp\/v2\/media?parent=129834"}],"wp:term":[{"taxonomy":"category","embeddable":true,"href":"https:\/\/www.europesays.com\/se\/wp-json\/wp\/v2\/categories?post=129834"},{"taxonomy":"post_tag","embeddable":true,"href":"https:\/\/www.europesays.com\/se\/wp-json\/wp\/v2\/tags?post=129834"}],"curies":[{"name":"wp","href":"https:\/\/api.w.org\/{rel}","templated":true}]}}