{"id":129836,"date":"2026-01-08T17:12:08","date_gmt":"2026-01-08T17:12:08","guid":{"rendered":"https:\/\/www.europesays.com\/se\/129836\/"},"modified":"2026-01-08T17:12:08","modified_gmt":"2026-01-08T17:12:08","slug":"usa-planerar-langvarig-kontroll-av-venezuela-olja-vasterbottens-kuriren","status":"publish","type":"post","link":"https:\/\/www.europesays.com\/se\/129836\/","title":{"rendered":"USA planerar l\u00e5ngvarig kontroll av Venezuela-olja &#8211; V\u00e4sterbottens-Kuriren"},"content":{"rendered":"<ol>\n<li><a href=\"https:\/\/news.google.com\/rss\/articles\/CBMijAFBVV95cUxQOWZSOWUxTTVjLVEyN3BlQ0NsNVVnN1FZMFBRODM2a2x4U0poUXhtM0RuQWl6Z0Z2QmZKY082UGlGRk1WUnhxTnF2em4yUEd2WWx4eVhkTzFxa1pKck5qZGVuelp1T19fSS1QS2pWYUM2RW5QTUM1N2VBdzJ3eWdSNG1mTHFObHpyNkhLag?oc=5\" target=\"_blank\" rel=\"nofollow noopener\">USA planerar l\u00e5ngvarig kontroll av Venezuela-olja<\/a>&nbsp;&nbsp;V\u00e4sterbottens-Kuriren<\/li>\n<li><a href=\"https:\/\/news.google.com\/rss\/articles\/CBMiigFBVV95cUxQamt1eEJrUTRlaUhlR1F5Y3R1emoyS0p0R3I4SVF3R0x5UE1uWFM3VzJrUFFwQVV2ZGVVZE95dlYzUHhiVllwWDExSVZrYjBwOE5iaHhSY19tVDA2VWRFeWdCUnlJSHpSS2FyWEZ3WTBzWmtTdVRVMnk1UEJIZHRHdHFPNy1od0thcXc?oc=5\" target=\"_blank\" rel=\"nofollow noopener\">Fyra bilar i krock \u2013 v\u00e4g avst\u00e4ngd<\/a>&nbsp;&nbsp;Aftonbladet<\/li>\n<li><a href=\"https:\/\/news.google.com\/rss\/articles\/CBMijAFBVV95cUxQVTVqZ0IzWjZHMlNhRlk3TWxabVM2VV9HZElWNVViZTd3ZWJKdUhUNGVtRS1GWjItV3BuSXkxZHBIcUlwV1RKWk9xQnc2V1o4OGducFUxdE82MjVNNVRGempwc2dScWxzQ0pFaTNheXNDcy1SZklldmdMdDd2RHhHOTJKc3BpN1F4QThWOA?oc=5\" target=\"_blank\" rel=\"nofollow noopener\">Experter: Oljan inte m\u00e5let med USA:s attack mot Venezuela<\/a>&nbsp;&nbsp;SvD<\/li>\n<li><a href=\"https:\/\/news.google.com\/rss\/articles\/CBMinwFBVV95cUxOMzd6OFFVbUg2Ni04em1JeEo1VUdWSzF6QWIwZXRqdktiRE42MVYwWmxXd1FmbFBxNXR0dDAzUnRKWTZpY0VITWdHSEJTOURiWFJuUE1ad0k1a1ROMDRJNEhXMUxEVFVNdTA3dEtGNC1FUG5Wcm5CV3RTbUxERUV0R05uYVFLWW0zMGdxRFZvTFhKczJZRTZHbVJ2OVExZ0E?oc=5\" target=\"_blank\" rel=\"nofollow noopener\">Trump: USA kan styra Venezuela i flera \u00e5r \u2013 Senaste nytt om USA:s attack mot Venezuela<\/a>&nbsp;&nbsp;SVT Nyheter<\/li>\n<li><a href=\"https:\/\/news.google.com\/rss\/articles\/CBMiekFVX3lxTFBTam9LOEJfOXJ0OUMzMXhUZEVWNWV5c0ZyRjNQVHk1WVFFa05ObzNjSzNycVJYSXVNbXd0cWc4SC1JOVdna0xoWmJ1ZEpyczNYa0Q4T0xJMHNrV3k4TlF4anNBaFE1MVBzT1l3clozc3pnRlJGNldDT3l3?oc=5\" target=\"_blank\" rel=\"nofollow noopener\">Maduros \u00f6de Putins v\u00e4rsta mardr\u00f6m 8 januari 2026 &#8211; Radiokorrespondenterna Ryssland<\/a>&nbsp;&nbsp;Sveriges Radio<\/li>\n<\/ol>\n","protected":false},"excerpt":{"rendered":"USA planerar l\u00e5ngvarig kontroll av Venezuela-olja&nbsp;&nbsp;V\u00e4sterbottens-Kuriren Fyra bilar i krock \u2013 v\u00e4g avst\u00e4ngd&nbsp;&nbsp;Aftonbladet Experter: Oljan inte m\u00e5let med&hellip;\n","protected":false},"author":2,"featured_media":129837,"comment_status":"","ping_status":"","sticky":false,"template":"","format":"standard","meta":{"footnotes":""},"categories":[14],"tags":[22,23,26,27,17,21,24,25,28,29,15,16,18,34,31,33,32,30,19,20,51,52,53,54],"class_list":{"0":"post-129836","1":"post","2":"type-post","3":"status-publish","4":"format-standard","5":"has-post-thumbnail","7":"category-varlden","8":"tag-breaking-news","9":"tag-breakingnews","10":"tag-featured-news","11":"tag-featurednews","12":"tag-headlines","13":"tag-huvudnyheter","14":"tag-latest-news","15":"tag-latestnews","16":"tag-main-news","17":"tag-mainnews","18":"tag-news","19":"tag-nyheter","20":"tag-rubriker","21":"tag-se","22":"tag-svenska","23":"tag-sverige","24":"tag-sweden","25":"tag-swedish","26":"tag-top-stories","27":"tag-topstories","28":"tag-varlden","29":"tag-world","30":"tag-world-news","31":"tag-worldnews"},"share_on_mastodon":{"url":"https:\/\/pubeurope.com\/@se\/115860599145525260","error":""},"_links":{"self":[{"href":"https:\/\/www.europesays.com\/se\/wp-json\/wp\/v2\/posts\/129836","targetHints":{"allow":["GET"]}}],"collection":[{"href":"https:\/\/www.europesays.com\/se\/wp-json\/wp\/v2\/posts"}],"about":[{"href":"https:\/\/www.europesays.com\/se\/wp-json\/wp\/v2\/types\/post"}],"author":[{"embeddable":true,"href":"https:\/\/www.europesays.com\/se\/wp-json\/wp\/v2\/users\/2"}],"replies":[{"embeddable":true,"href":"https:\/\/www.europesays.com\/se\/wp-json\/wp\/v2\/comments?post=129836"}],"version-history":[{"count":0,"href":"https:\/\/www.europesays.com\/se\/wp-json\/wp\/v2\/posts\/129836\/revisions"}],"wp:featuredmedia":[{"embeddable":true,"href":"https:\/\/www.europesays.com\/se\/wp-json\/wp\/v2\/media\/129837"}],"wp:attachment":[{"href":"https:\/\/www.europesays.com\/se\/wp-json\/wp\/v2\/media?parent=129836"}],"wp:term":[{"taxonomy":"category","embeddable":true,"href":"https:\/\/www.europesays.com\/se\/wp-json\/wp\/v2\/categories?post=129836"},{"taxonomy":"post_tag","embeddable":true,"href":"https:\/\/www.europesays.com\/se\/wp-json\/wp\/v2\/tags?post=129836"}],"curies":[{"name":"wp","href":"https:\/\/api.w.org\/{rel}","templated":true}]}}