{"id":129847,"date":"2026-01-08T17:23:16","date_gmt":"2026-01-08T17:23:16","guid":{"rendered":"https:\/\/www.europesays.com\/se\/129847\/"},"modified":"2026-01-08T17:23:16","modified_gmt":"2026-01-08T17:23:16","slug":"trumps-utspel-om-gronland-tvingar-danmark-att-gora-upp-med-sin-egen-kolonialism-utrikes","status":"publish","type":"post","link":"https:\/\/www.europesays.com\/se\/129847\/","title":{"rendered":"Trumps utspel om Gr\u00f6nland tvingar Danmark att g\u00f6ra upp med sin egen kolonialism | Utrikes"},"content":{"rendered":"<ul class=\"aw-1jjocuh iJTSwP yle__article__list yle__article__list--ul\">\n<li class=\"aw-1j7gwms gNYKfi\">USA:s f\u00f6rnyade intresse f\u00f6r Gr\u00f6nland skapar sp\u00e4nningar mellan Danmark och Gr\u00f6nland. USA anklagas f\u00f6r att f\u00f6rs\u00f6ka splittra dem.<\/li>\n<li class=\"aw-1j7gwms gNYKfi\">Relationen \u00e4r anstr\u00e4ngd p\u00e5 grund av Danmarks koloniala f\u00f6rflutna. USA:s intresse \u00e4r inte nytt, s\u00e4ger professor Peter Stadius.<\/li>\n<li class=\"aw-1j7gwms gNYKfi\">Trycket fr\u00e5n USA ger Gr\u00f6nland ett nytt f\u00f6rhandlingsl\u00e4ge och kan leda till st\u00f6rre sj\u00e4lvstyre, vilket m\u00e5nga gr\u00f6nl\u00e4nningar vill ha.<\/li>\n<\/ul>\n<p class=\"aw-1gybjub aw-1p7kakr kEtdKx cEmitX yle__article__paragraph\">Den amerikanska presidenten <strong class=\"aw-ak79eh KyCXm yle__article__strong\">Donald Trumps<\/strong> signaler om att USA borde ta \u00f6ver Gr\u00f6nland, p\u00e5 ett eller annat s\u00e4tt, har v\u00e4ckt oro och intensiva diskussioner, inte minst p\u00e5 Gr\u00f6nland och i Danmark.<\/p>\n<p class=\"aw-1gybjub aw-1p7kakr kEtdKx cEmitX yle__article__paragraph\">Danmark har anklagat USA f\u00f6r att bedriva p\u00e5verkanskampanjer med m\u00e5let att f\u00f6rs\u00f6ka s\u00e4lja in tanken p\u00e5 USA:s n\u00e4rvaro p\u00e5 Gr\u00f6nland bland gr\u00f6nl\u00e4nningarna.<\/p>\n<p class=\"aw-1gybjub aw-1p7kakr kEtdKx cEmitX yle__article__paragraph\">Man \u00e4r ocks\u00e5 bekymrad f\u00f6r att de eldar p\u00e5 de gr\u00f6nl\u00e4ndska krafter som sedan l\u00e4nge verkat f\u00f6r ett sj\u00e4lvstyre.<\/p>\n<p class=\"aw-1gybjub aw-1p7kakr kEtdKx cEmitX yle__article__paragraph\">Metoden att driva in kilar mellan Gr\u00f6nland och Danmark genom att lyfta upp det oj\u00e4mlika f\u00f6rh\u00e5llandet mellan det danska kungariket och dess forna koloni kan till viss del ha effekt, tror <strong class=\"aw-ak79eh KyCXm yle__article__strong\">Peter Stadius<\/strong>, professor i Nordenforskning vid Helsingfors universitet.<\/p>\n<p class=\"aw-1gybjub aw-1p7kakr kEtdKx cEmitX yle__article__paragraph\">\u2013 Fr\u00e5n gr\u00f6nl\u00e4ndskt h\u00e5ll har man ju betonat att man vill att det ska vara ett mer j\u00e4mlikt f\u00f6rh\u00e5llande. Att Gr\u00f6nland och gr\u00f6nl\u00e4ndska politiker och institutioner ska ha mera att s\u00e4ga till om. Det \u00e4r en mycket k\u00e4nslig fr\u00e5ga, s\u00e4ger han.<\/p>\n<p><img decoding=\"async\" alt=\"Professor Peter Stadius\" src=\"https:\/\/www.europesays.com\/se\/wp-content\/uploads\/2026\/01\/39-42387259a3bbe8bb2b9.jpeg\" loading=\"lazy\" class=\"aw-1l9m598 hKVVvP\"\/><\/p>\n<p>\u00d6ppna bildvisare<\/p>\n<p>Peter Stadius tror att USA:s utspel har skakat om Danmark och gett gr\u00f6nl\u00e4nningarna nya f\u00f6rhandlingsm\u00f6jligheter i fr\u00e5ga om politisk j\u00e4mlikhet. Bild: YLE \/ Mathias Gustafsson<\/p>\n<p class=\"aw-1gybjub aw-1p7kakr kEtdKx cEmitX yle__article__paragraph\">Den h\u00e4r sprickan visade sig ocks\u00e5 tydligt h\u00e4romdagen n\u00e4r flera danska och gr\u00f6nl\u00e4ndska politiker samlades till ett onlinem\u00f6te f\u00f6r att diskutera USA-situationen. Meningen var att visa enighet inf\u00f6r hotet fr\u00e5n Trump, enligt <a class=\"aw-iao6s4 iHOxEa yle__article__link\" href=\"https:\/\/www.dr.dk\/nyheder\/politik\/paa-et-kaotisk-teams-moede-opstod-splid-mellem-nuuk-og-koebenhavn-groenlaenderne-var-rasende\" role=\"link\" rel=\"nofollow noopener\" target=\"_blank\">Danmarks radio<\/a> som rapporterade om h\u00e4ndelsen.<\/p>\n<p class=\"aw-1gybjub aw-1p7kakr kEtdKx cEmitX yle__article__paragraph\">Men i st\u00e4llet hamnade man i gr\u00e4l med varandra, och Danmark anklagades f\u00f6r att ha ett nykolonialistiskt f\u00f6rh\u00e5llningss\u00e4tt till hela processen.<\/p>\n<p class=\"aw-1gybjub aw-1p7kakr kEtdKx cEmitX yle__article__paragraph\">Dessutom d\u00f6k det ocks\u00e5 upp ett gr\u00f6nl\u00e4ndskt f\u00f6rslag upp p\u00e5 att Gr\u00f6nland och USA borde f\u00f6ra en dialog direkt med varandra utan Danmarks inblandning, n\u00e5got som inte ska ha fallit i god jord hos danskarna.<\/p>\n<p class=\"aw-1gybjub aw-1p7kakr kEtdKx cEmitX yle__article__paragraph\">Ett s\u00e5dant m\u00f6te skulle strida mot grundlagen eftersom Danmark har r\u00e4tten att hantera utrikesfr\u00e5gor f\u00f6r Gr\u00f6nlands r\u00e4kning.<\/p>\n<p>Dragkampen om Gr\u00f6nland \u00e4r historisk<\/p>\n<p class=\"aw-1gybjub aw-1p7kakr kEtdKx cEmitX yle__article__paragraph\">Stadius s\u00e4ger att det nordiska syns\u00e4ttet skiljer sig markant fr\u00e5n det amerikanska n\u00e4r det g\u00e4ller vissa delar av Norden.<\/p>\n<p class=\"aw-1gybjub aw-1p7kakr kEtdKx cEmitX yle__article__paragraph\">\u2013 N\u00e4r man skriver Nordens historia finns det en ganska grundmurad tanke h\u00e4r i Norden att det d\u00e5 handlar om de fem nordiska l\u00e4nderna och de tre autonoma omr\u00e5dena [Gr\u00f6nland, F\u00e4r\u00f6arna och \u00c5land].<\/p>\n<p class=\"aw-1gybjub aw-1p7kakr kEtdKx cEmitX yle__article__paragraph\">Vikingar fr\u00e5n Norge anl\u00e4nde och byggde bos\u00e4ttningar p\u00e5 Gr\u00f6nland omkring \u00e5r 985 innan inuitbefolkningen drev bort dem cirka 400 \u00e5r senare.<\/p>\n<p class=\"aw-1gybjub aw-1p7kakr kEtdKx cEmitX yle__article__paragraph\">Danmark koloniserade Gr\u00f6nland 1721 med mission\u00e4ren Hans Egede i spetsen och har kontrollerat \u00f6n sedan dess.<\/p>\n<p>USA:s f\u00f6rs\u00f6k att k\u00f6pa Gr\u00f6nland<\/p>\n<p class=\"aw-1gybjub aw-1p7kakr kEtdKx cEmitX yle__article__paragraph\">Efter k\u00f6pet av Alaska fr\u00e5n Ryssland 1867 v\u00e4xte USA:s intresse f\u00f6r hela den arktiska regionen.<\/p>\n<p class=\"aw-1gybjub aw-1p7kakr kEtdKx cEmitX yle__article__paragraph\">Man ville unders\u00f6ka naturresurser, nya handelsv\u00e4gar som Nordv\u00e4stpassagen, och utvidga sitt inflytande i det nya n\u00e4romr\u00e5det.<\/p>\n<p class=\"aw-1gybjub aw-1p7kakr kEtdKx cEmitX yle__article__paragraph\">Samma \u00e5r som Alaskak\u00f6pet b\u00f6rjade USA:s utrikesministerium \u00e4ven utreda m\u00f6jligheten att k\u00f6pa b\u00e5de Gr\u00f6nland och Island fr\u00e5n Danmark, men det blev aldrig n\u00e5gon officiell k\u00f6peskilling eller f\u00f6rhandling.<\/p>\n<p class=\"aw-1gybjub aw-1p7kakr kEtdKx cEmitX yle__article__paragraph\">USA k\u00f6pte danska V\u00e4stindien av Danmark 1917, det som nu kallas Amerikanska Jungfru\u00f6arna, f\u00f6r 25 miljoner dollar.<\/p>\n<p class=\"aw-1gybjub aw-1p7kakr kEtdKx cEmitX yle__article__paragraph\">I samma veva sl\u00f6ts avtalet Treaty of the Danish West Indies d\u00e4r det p\u00e5 dansk beg\u00e4ran skrevs in en paragraf som erk\u00e4nde Danmarks fulla suver\u00e4nitet \u00f6ver Gr\u00f6nland.<\/p>\n<p class=\"aw-1gybjub aw-1p7kakr kEtdKx cEmitX yle__article__paragraph\">Det betyder att USA, genom det h\u00e4r avtalet, erk\u00e4nde att Gr\u00f6nland tillh\u00f6rde Danmark och inte hade n\u00e5gra anspr\u00e5k p\u00e5 omr\u00e5det.<\/p>\n<p class=\"aw-1gybjub aw-1p7kakr kEtdKx cEmitX yle__article__paragraph\">USA gav trots det h\u00e4r inte upp tanken p\u00e5 Gr\u00f6nland. Ett mer konkret erbjudande att k\u00f6pa \u00f6n kom \u00e5r 1946, n\u00e4r USA formellt erbj\u00f6d Danmark 100 miljoner dollar f\u00f6r att k\u00f6pa den arktiska \u00f6n. Danmark avb\u00f6jde \u00e4ven d\u00e5.<\/p>\n<p class=\"aw-1gybjub aw-1p7kakr kEtdKx cEmitX yle__article__paragraph\">Men Stadius bed\u00f6mer att USA tv\u00e4rtom ser Gr\u00f6nland som en geografisk del av Nordamerika.<\/p>\n<p class=\"aw-1gybjub aw-1p7kakr kEtdKx cEmitX yle__article__paragraph\">\u2013 Id\u00e9n om att k\u00f6pa Gr\u00f6nland som president Trump har lagt fram \u00e4r inte ny p\u00e5 n\u00e5got vis. Den d\u00f6k upp f\u00f6r f\u00f6rsta g\u00e5ngen f\u00f6r \u00f6ver hundra \u00e5r sedan, s\u00e4ger han.<\/p>\n<p class=\"aw-1gybjub aw-1p7kakr kEtdKx cEmitX yle__article__paragraph\">USA noterade under 1800-talet Arktis potential och betydelse, och har sedan dess f\u00f6rs\u00f6kt k\u00f6pa Gr\u00f6nland av Danmark vid flera tillf\u00e4llen p\u00e5 grund av bland annat handels- och geopolitiska intressen.<\/p>\n<p><img decoding=\"async\" alt=\"Karta \u00f6ver Gr\u00f6nland, Danmark, Kanada och USA med Pituffik Space Base och Nuuk p\u00e5 Gr\u00f6nland utmarkerade.\" src=\"https:\/\/www.europesays.com\/se\/wp-content\/uploads\/2026\/01\/39-144247967e55d5964239.jpeg\" loading=\"lazy\" class=\"aw-1l9m598 hKVVvP\"\/><\/p>\n<p>\u00d6ppna bildvisare<\/p>\n<p>\u00c4r Gr\u00f6nland en sj\u00e4lvklar del av Norden, eller geografiskt en bit av Nordamerika &#8211; USA och Danmark har olika \u00e5sikter om detta. Bild: Sarah L\u00f6nnqvist\/Yle, Mapcreator, Openstreetmap <\/p>\n<p class=\"aw-1gybjub aw-1p7kakr kEtdKx cEmitX yle__article__paragraph\">Man har i modern tid uppeh\u00e5llit sig milit\u00e4rt p\u00e5 \u00f6n sedan andra v\u00e4rldskriget p\u00e5 1940-talet d\u00e5 USA ockuperade Gr\u00f6nland.<\/p>\n<p class=\"aw-1gybjub aw-1p7kakr kEtdKx cEmitX yle__article__paragraph\">Den amerikanska milit\u00e4ren uppr\u00e4tth\u00e5ller en permanent n\u00e4rvaro vid flygbasen Pituffik i nordv\u00e4stra Gr\u00f6nland enligt ett avtal fr\u00e5n 1951 som ger USA frihet att bygga baser, f\u00f6rutsatt att Danmark och Gr\u00f6nland informeras.<\/p>\n<p class=\"aw-1gybjub aw-1p7kakr kEtdKx cEmitX yle__article__paragraph\">\u2013 S\u00e5 det \u00e4r nog snarare fr\u00e5gan om ett geopolitiskt intresset\u00e4nkande fr\u00e5n USA:s sida som p\u00e5g\u00e5tt l\u00e4nge, inte bara ett pl\u00f6tsligt infall fr\u00e5n Trump, s\u00e4ger Stadius.<\/p>\n<p>En v\u00e4ckarklocka f\u00f6r Danmark<\/p>\n<p class=\"aw-1gybjub aw-1p7kakr kEtdKx cEmitX yle__article__paragraph\">USA:s utspel har enligt Stadius varit en \u00f6gon\u00f6ppnare och en v\u00e4ckarklocka f\u00f6r det danska folket. Det har tvingat landet att p\u00e5 nytt ta en titt p\u00e5 hur man behandlat Gr\u00f6nland.<\/p>\n<p class=\"aw-1gybjub aw-1p7kakr kEtdKx cEmitX yle__article__paragraph\">Gr\u00f6nland var en dansk koloni fram till 1953 och har nu status som ett autonomt omr\u00e5de inom Danmark.<\/p>\n<p class=\"aw-1gybjub aw-1p7kakr kEtdKx cEmitX yle__article__paragraph\">Ut\u00f6ver den politiska j\u00e4mlikhetsfr\u00e5gan har f\u00f6rh\u00e5llandena ocks\u00e5 varit anstr\u00e4ngda p\u00e5 grund av diverse of\u00f6rr\u00e4tter i den moderna historien d\u00e4r Danmark f\u00f6rs\u00f6kt begr\u00e4nsa eller utradera den gr\u00f6nl\u00e4ndska identiteten.<\/p>\n<p>Danmarks och Gr\u00f6nlands historiska bagage<\/p>\n<p class=\"aw-1gybjub aw-1p7kakr kEtdKx cEmitX yle__article__paragraph\">Under 1950-talet tv\u00e5ngsf\u00f6rflyttade danska myndigheter den inuitiska majoritetsbefolkningen p\u00e5 Gr\u00f6nland till storst\u00e4der d\u00e4r deras egen kultur och spr\u00e5k marginaliserades.<\/p>\n<p class=\"aw-1gybjub aw-1p7kakr kEtdKx cEmitX yle__article__paragraph\">Under samma period separerades ocks\u00e5 22 gr\u00f6nl\u00e4ndska barn fr\u00e5n sina familjer och skickades till Danmark som en del av ett experiment.<\/p>\n<p class=\"aw-1gybjub aw-1p7kakr kEtdKx cEmitX yle__article__paragraph\">Tanken var att de h\u00e4r barnen skulle l\u00e4ra sig \u201ddanska v\u00e4rderingar\u201d och sedan utg\u00f6ra ett exempel f\u00f6r andra gr\u00f6nl\u00e4ndska barn att f\u00f6lja.<\/p>\n<p class=\"aw-1gybjub aw-1p7kakr kEtdKx cEmitX yle__article__paragraph\">Danmarks regering bad officiellt de h\u00e4r barnen om f\u00f6rl\u00e5telse 2020.<\/p>\n<p class=\"aw-1gybjub aw-1p7kakr kEtdKx cEmitX yle__article__paragraph\">2025 framf\u00f6rde man ocks\u00e5 en urs\u00e4kt f\u00f6r de systematiska tv\u00e5ngssteriliseringarna av tusentals gr\u00f6nl\u00e4ndska kvinnor och flickor.<\/p>\n<p class=\"aw-1gybjub aw-1p7kakr kEtdKx cEmitX yle__article__paragraph\">Dessa fick under slutet av 1960-talet preventivspiraler installerade utan samtycke och ibland utan att de sj\u00e4lva visste om det.<\/p>\n<p class=\"aw-1gybjub aw-1p7kakr kEtdKx cEmitX yle__article__paragraph\">Vissa befolkningspolitiska \u00f6vergrepp ska ha p\u00e5g\u00e5tt \u00e4nda in p\u00e5 1990-talet.<\/p>\n<p class=\"aw-1gybjub aw-1p7kakr kEtdKx cEmitX yle__article__paragraph\">Enligt Stadius har Danmark sedan slutet p\u00e5 sjuttiotalet gradvis b\u00f6rjat se p\u00e5 Gr\u00f6nland med st\u00f6rre respekt \u00e4n tidigare.<\/p>\n<p>Danskt uttalande \u00f6verraskade gr\u00f6nl\u00e4nningar<\/p>\n<p class=\"aw-1gybjub aw-1p7kakr kEtdKx cEmitX yle__article__paragraph\">Gr\u00f6nland fick s\u00e5 kallat \u201dhjemmestyre\u201d 1979. Det gav Gr\u00f6nland omfattande sj\u00e4lvstyre \u00f6ver inrikesfr\u00e5gor, men Danmark beh\u00f6ll ansvaret f\u00f6r utrikespolitik, f\u00f6rsvar och vissa andra omr\u00e5den. Det h\u00e4r sj\u00e4lvstyret ut\u00f6kades ytterligare 2009 genom en ny lag.<\/p>\n<p class=\"aw-1gybjub aw-1p7kakr kEtdKx cEmitX yle__article__paragraph\">I samband med det h\u00e4r best\u00e4mdes det ocks\u00e5 att Gr\u00f6nland kan f\u00f6rklara sj\u00e4lvst\u00e4ndighet genom en process som kr\u00e4ver en folkomr\u00f6stning och godk\u00e4nnande av det danska parlamentet.<\/p>\n<p class=\"aw-1gybjub aw-1p7kakr kEtdKx cEmitX yle__article__paragraph\">Men den danska premi\u00e4rministerns <a class=\"aw-iao6s4 iHOxEa yle__article__link\" href=\"https:\/\/www.aa.com.tr\/en\/europe\/danish-premier-reaffirms-greenland-s-autonomy-amid-trump-s-call-for-takeover\/3444114\" role=\"link\" rel=\"nofollow noopener\" target=\"_blank\">uttalanden<\/a> under f\u00f6rra \u00e5ret om att Gr\u00f6nland inte \u00e4r danskt utan gr\u00f6nl\u00e4ndskt har, enligt Stadius, h\u00f6jt m\u00e5nga \u00f6gonbryn bland gr\u00f6nl\u00e4ndska toppolitiker.<\/p>\n<p class=\"aw-1gybjub aw-1p7kakr kEtdKx cEmitX yle__article__paragraph\">\u2013 Det \u00e4r unikt. N\u00e5got s\u00e5nt har man inte sagt tidigare. Kontexten \u00e4r att den danska regeringen vill f\u00e5 det att framst\u00e5 som att det \u00e4r gr\u00f6nl\u00e4nningarna sj\u00e4lva som ska best\u00e4mma.<\/p>\n<p>Gr\u00f6nland kan v\u00e4nda l\u00e4get till sin f\u00f6rdel<\/p>\n<p class=\"aw-1gybjub aw-1p7kakr kEtdKx cEmitX yle__article__paragraph\">Trots de m\u00e5nga bekymmer som de amerikanska kraven medf\u00f6r, ger det samtidigt ocks\u00e5 gr\u00f6nl\u00e4nningarna nya m\u00f6jligheter att p\u00e5verka sin situation, menar Stadius.<\/p>\n<p class=\"aw-1gybjub aw-1p7kakr kEtdKx cEmitX yle__article__paragraph\">\u2013 Trycket fr\u00e5n en part som \u00e4r betydligt starkare milit\u00e4rt och ekonomiskt \u00e4n Danmark g\u00f6r att den h\u00e4r konstellationen blir v\u00e4ldigt annorlunda. Det ger en ny f\u00f6rhandlingsposition f\u00f6r de gr\u00f6nl\u00e4ndska politikerna.<\/p>\n<p class=\"aw-1gybjub aw-1p7kakr kEtdKx cEmitX yle__article__paragraph\">Stadius tror att situationen kan leda till en st\u00f6rre sj\u00e4lvst\u00e4ndighet och autonomi f\u00f6r Gr\u00f6nland.<\/p>\n<p class=\"aw-1gybjub aw-1p7kakr kEtdKx cEmitX yle__article__paragraph\">Han p\u00e5pekar dock att det \u00e4r sv\u00e5rt att sia om framtiden men att gr\u00f6nl\u00e4nningarna, \u00e5tminstone i nul\u00e4get, \u00e4nd\u00e5 \u00e4r mera <a class=\"aw-iao6s4 iHOxEa yle__article__link\" href=\"https:\/\/yle.fi\/a\/7-10074082\" role=\"link\" rel=\"nofollow noopener\" target=\"_blank\">intresserade<\/a> av att f\u00f6rbli en del av Danmark om valet st\u00e5r mellan dem och USA.<\/p>\n<p class=\"aw-1gybjub aw-1p7kakr kEtdKx cEmitX yle__article__paragraph\">Sedan betyder det ju inte att alla problem mellan Gr\u00f6nland och Danmark kan l\u00f6sas p\u00e5 en natt, p\u00e5pekar han.<\/p>\n<p class=\"aw-1gybjub aw-1p7kakr kEtdKx cEmitX yle__article__paragraph\">\u2013 Men det som de flesta p\u00e5 Gr\u00f6nland helst vill \u00e4r att man sj\u00e4lv har m\u00f6jlighet att best\u00e4mma om sina egna angel\u00e4genheter. Och just nu \u00e4r den danska regeringen v\u00e4ldigt lyh\u00f6rd, mer lyh\u00f6rd \u00e4n tidigare, i den h\u00e4r typen av fr\u00e5gor, s\u00e4ger Stadius.<\/p>\n","protected":false},"excerpt":{"rendered":"USA:s f\u00f6rnyade intresse f\u00f6r Gr\u00f6nland skapar sp\u00e4nningar mellan Danmark och Gr\u00f6nland. USA anklagas f\u00f6r att f\u00f6rs\u00f6ka splittra dem.&hellip;\n","protected":false},"author":2,"featured_media":129848,"comment_status":"","ping_status":"","sticky":false,"template":"","format":"standard","meta":{"footnotes":""},"categories":[5],"tags":[13349,22,23,1205,13351,385,26,27,2161,13350,17,21,24,25,28,29,3564,13353,15,3422,13352,16,369,18,34,31,33,32,30,19,20,74,237],"class_list":{"0":"post-129847","1":"post","2":"type-post","3":"status-publish","4":"format-standard","5":"has-post-thumbnail","7":"category-rubriker","8":"tag-arktiska-regionen","9":"tag-breaking-news","10":"tag-breakingnews","11":"tag-danmark","12":"tag-danmarks-regering","13":"tag-donald-trump","14":"tag-featured-news","15":"tag-featurednews","16":"tag-gronland","17":"tag-gronlanningar","18":"tag-headlines","19":"tag-huvudnyheter","20":"tag-latest-news","21":"tag-latestnews","22":"tag-main-news","23":"tag-mainnews","24":"tag-mette-frederiksen","25":"tag-naturresurser","26":"tag-news","27":"tag-norden","28":"tag-nordeuropa","29":"tag-nyheter","30":"tag-politik","31":"tag-rubriker","32":"tag-se","33":"tag-svenska","34":"tag-sverige","35":"tag-sweden","36":"tag-swedish","37":"tag-top-stories","38":"tag-topstories","39":"tag-usa","40":"tag-utrikes"},"share_on_mastodon":{"url":"https:\/\/pubeurope.com\/@se\/115860642412800061","error":""},"_links":{"self":[{"href":"https:\/\/www.europesays.com\/se\/wp-json\/wp\/v2\/posts\/129847","targetHints":{"allow":["GET"]}}],"collection":[{"href":"https:\/\/www.europesays.com\/se\/wp-json\/wp\/v2\/posts"}],"about":[{"href":"https:\/\/www.europesays.com\/se\/wp-json\/wp\/v2\/types\/post"}],"author":[{"embeddable":true,"href":"https:\/\/www.europesays.com\/se\/wp-json\/wp\/v2\/users\/2"}],"replies":[{"embeddable":true,"href":"https:\/\/www.europesays.com\/se\/wp-json\/wp\/v2\/comments?post=129847"}],"version-history":[{"count":0,"href":"https:\/\/www.europesays.com\/se\/wp-json\/wp\/v2\/posts\/129847\/revisions"}],"wp:featuredmedia":[{"embeddable":true,"href":"https:\/\/www.europesays.com\/se\/wp-json\/wp\/v2\/media\/129848"}],"wp:attachment":[{"href":"https:\/\/www.europesays.com\/se\/wp-json\/wp\/v2\/media?parent=129847"}],"wp:term":[{"taxonomy":"category","embeddable":true,"href":"https:\/\/www.europesays.com\/se\/wp-json\/wp\/v2\/categories?post=129847"},{"taxonomy":"post_tag","embeddable":true,"href":"https:\/\/www.europesays.com\/se\/wp-json\/wp\/v2\/tags?post=129847"}],"curies":[{"name":"wp","href":"https:\/\/api.w.org\/{rel}","templated":true}]}}