{"id":129849,"date":"2026-01-08T17:25:07","date_gmt":"2026-01-08T17:25:07","guid":{"rendered":"https:\/\/www.europesays.com\/se\/129849\/"},"modified":"2026-01-08T17:25:07","modified_gmt":"2026-01-08T17:25:07","slug":"lovens-match-i-kvall-stalls-in-vasterbottens-kuriren","status":"publish","type":"post","link":"https:\/\/www.europesays.com\/se\/129849\/","title":{"rendered":"L\u00f6vens match i kv\u00e4ll st\u00e4lls in &#8211; V\u00e4sterbottens-Kuriren"},"content":{"rendered":"<ol>\n<li><a href=\"https:\/\/news.google.com\/rss\/articles\/CBMie0FVX3lxTE9LWElZTUNfb3ZYakxTM0lCdnZKNmJESExDck5DNl9QOTY5NUpSZVhVUjh1RTEtSG5kT1A0NEl1YndfWGhGbHk3MkRPQ193Tkt4WmprZXgzWm1IMTE4M2tlbk1aeGVoVFFsTmw2M1hUNWRXS0tsdkhZYXdjbw?oc=5\" target=\"_blank\" rel=\"nofollow noopener\">L\u00f6vens match i kv\u00e4ll st\u00e4lls in<\/a>&nbsp;&nbsp;V\u00e4sterbottens-Kuriren<\/li>\n<li><a href=\"https:\/\/news.google.com\/rss\/articles\/CBMihAFBVV95cUxOaC1kQjl5eXEtRHNKUDNuZlFIcWQ2ODlrUUItUWFZS1JjVm40QUc2cXR0LVBxbkwzSGoxSTJQSW4wZS1IMjYwNURlRVRZMVFGSnpIQWJHeUZJM29DdEVuNlFZNVVnbk1qMDIwU3pUT0hDcGZMMWlaZl9GRFQ3TnNFRXhKSmE?oc=5\" target=\"_blank\" rel=\"nofollow noopener\">Sn\u00f6ov\u00e4dret stoppar VIK: \u201dInte sm\u00e4rtfria diskussioner\u201d<\/a>&nbsp;&nbsp;VLT<\/li>\n<li><a href=\"https:\/\/news.google.com\/rss\/articles\/CBMikgFBVV95cUxNTmJxOUVLdDJqVFpvcWppVTdlQ1FZTmRveTlwSkJEZE4wTWJicGgyTzRBcnhNSDRoS2JCYXJabHZBdVZDeWg4TkhESXhock5qaXVLOXhUb0FkNDcxd1p5bXltQU1KOW5jLUlkYkhLRDdNUDZmSGZFbVZRbDBQOFJaOEVBMXBXRmRiQXg1MXE5eG5iQQ?oc=5\" target=\"_blank\" rel=\"nofollow noopener\">Match st\u00e4lls in \u2013 efter sn\u00f6ov\u00e4dret<\/a>&nbsp;&nbsp;hockeysverige.se<\/li>\n<li><a href=\"https:\/\/news.google.com\/rss\/articles\/CBMiZkFVX3lxTE44Z1JvbEVmSTkxQ29USUxXcEhMcGhNWjk3RkRPZmkyRldmd0NYMFpyZUhjcm95ZmxPSkExYW1LVUJ3RVRIbUhaaG41M0Q3ZFgxRS1EUER1aVRwM0d2S1JlMUl3V3pjUQ?oc=5\" target=\"_blank\" rel=\"nofollow noopener\">Speltips: Bj\u00f6rkl\u00f6ven &#8211; V\u00e4ster\u00e5s 9\/1 &#8221;Toppen mot botten i\u2026<\/a>&nbsp;&nbsp;Bettingstugan.se<\/li>\n<li><a href=\"https:\/\/news.google.com\/rss\/articles\/CBMirwFBVV95cUxOcXAxVHBKRFVBRTJsWFA0OFcyTWd6SFpMTEtqc3cyTHVPOXgwZExrX0laTjlIelZaOGxoX0FRVzNZRDlGZHdZWU1tR1VtOXdDd25fdXB3TVZVTVg4YkYwbjhmOVBSdnVYWlVHeVBoWEhEc2tVekMxa2VqRHkzZXl4eFZVeGlVek5fdTBkakUtdWhsWjBqTEJFUV9VdWpHZWtuaHUyZ25ZRnV1QUtWUDhn?oc=5\" target=\"_blank\" rel=\"nofollow noopener\">Hockeyallsvenska matchen i farozonen<\/a>&nbsp;&nbsp;Expressen<\/li>\n<\/ol>\n","protected":false},"excerpt":{"rendered":"L\u00f6vens match i kv\u00e4ll st\u00e4lls in&nbsp;&nbsp;V\u00e4sterbottens-Kuriren Sn\u00f6ov\u00e4dret stoppar VIK: \u201dInte sm\u00e4rtfria diskussioner\u201d&nbsp;&nbsp;VLT Match st\u00e4lls in \u2013 efter sn\u00f6ov\u00e4dret&nbsp;&nbsp;hockeysverige.se&hellip;\n","protected":false},"author":2,"featured_media":129850,"comment_status":"","ping_status":"","sticky":false,"template":"","format":"standard","meta":{"footnotes":""},"categories":[68],"tags":[34,111,110,31,33,32,30],"class_list":{"0":"post-129849","1":"post","2":"type-post","3":"status-publish","4":"format-standard","5":"has-post-thumbnail","7":"category-sport","8":"tag-se","9":"tag-sport","10":"tag-sports","11":"tag-svenska","12":"tag-sverige","13":"tag-sweden","14":"tag-swedish"},"share_on_mastodon":{"url":"https:\/\/pubeurope.com\/@se\/115860650245762394","error":""},"_links":{"self":[{"href":"https:\/\/www.europesays.com\/se\/wp-json\/wp\/v2\/posts\/129849","targetHints":{"allow":["GET"]}}],"collection":[{"href":"https:\/\/www.europesays.com\/se\/wp-json\/wp\/v2\/posts"}],"about":[{"href":"https:\/\/www.europesays.com\/se\/wp-json\/wp\/v2\/types\/post"}],"author":[{"embeddable":true,"href":"https:\/\/www.europesays.com\/se\/wp-json\/wp\/v2\/users\/2"}],"replies":[{"embeddable":true,"href":"https:\/\/www.europesays.com\/se\/wp-json\/wp\/v2\/comments?post=129849"}],"version-history":[{"count":0,"href":"https:\/\/www.europesays.com\/se\/wp-json\/wp\/v2\/posts\/129849\/revisions"}],"wp:featuredmedia":[{"embeddable":true,"href":"https:\/\/www.europesays.com\/se\/wp-json\/wp\/v2\/media\/129850"}],"wp:attachment":[{"href":"https:\/\/www.europesays.com\/se\/wp-json\/wp\/v2\/media?parent=129849"}],"wp:term":[{"taxonomy":"category","embeddable":true,"href":"https:\/\/www.europesays.com\/se\/wp-json\/wp\/v2\/categories?post=129849"},{"taxonomy":"post_tag","embeddable":true,"href":"https:\/\/www.europesays.com\/se\/wp-json\/wp\/v2\/tags?post=129849"}],"curies":[{"name":"wp","href":"https:\/\/api.w.org\/{rel}","templated":true}]}}