{"id":129855,"date":"2026-01-08T17:32:09","date_gmt":"2026-01-08T17:32:09","guid":{"rendered":"https:\/\/www.europesays.com\/se\/129855\/"},"modified":"2026-01-08T17:32:09","modified_gmt":"2026-01-08T17:32:09","slug":"frank-kulusevski-langt-bort-fran-comeback-premier-league","status":"publish","type":"post","link":"https:\/\/www.europesays.com\/se\/129855\/","title":{"rendered":"Frank: Kulusevski l\u00e5ngt bort fr\u00e5n comeback &#8211; Premier League"},"content":{"rendered":"<p>Dejan Kulusevski har varit borta fr\u00e5n spel sedan maj i fjol med en kn\u00e4skada som han opererats f\u00f6r. Det har dock hela tiden varit oklart hur l\u00e4nge Tottenhams svenske landslagsmittf\u00e4ltare blir borta fr\u00e5n spel.<\/p>\n<p>Nu ger Tottenham-tr\u00e4naren Thomas Frank en uppdatering kring Kulusevskis skadel\u00e4ge &#8211; och det \u00e4r knappast en positiv uppdatering.<\/p>\n<p>&#8211; Vi vet att det \u00e4r en komplicerad skada. Om det \u00e4r n\u00e5gon som kan komma tillbaka snabbare fr\u00e5n det s\u00e5 \u00e4r det Dejan, som \u00e4r ett topproffs och har en toppmentalitet. Det viktigaste \u00e4r att ta bort sm\u00e4rtan fr\u00e5n kn\u00e4t. Han fick en spruta f\u00f6r tio dagar sedan f\u00f6r att hj\u00e4lpa till med det. Vi vet om tre-fyra veckor ifall det har lagt sig. N\u00e4r det har lagt sig, f\u00f6rhoppningsvis, kommer han vara ute p\u00e5 gr\u00e4set igen och d\u00e4rifr\u00e5n f\u00e5r vi se vad som h\u00e4nder, s\u00e4ger Frank enligt Londonklubbens hemsida.<\/p>\n<p>Beskedet \u00e4r negativt inte bara f\u00f6r Spurs, utan \u00e4ven f\u00f6r Graham Potters svenska landslag. Den 26 mars v\u00e4ntar playoff till VM mot Ukraina.<\/p>\n<p>N\u00e4r Potter g\u00e4stade podcasten Lundh i december sa f\u00f6rbundskaptenen att Kulusevski var &#8221;desperat&#8221; \u00f6ver att vara med i playoff.<\/p>\n<p>&#8211; Jag \u00e4r \u00f6vertygad om det (att Kulusevski \u00e4r med i mars). Det \u00e4r min k\u00e4nsla utifr\u00e5n att jag har pratat med honom och f\u00f6rst\u00e5tt var han \u00e4r, <a href=\"https:\/\/www.fotbollskanalen.se\/artiklar\/sverige\/potter-har-traffat-kulusevski---beskedet-om-playoff-spel-overtygad\" rel=\"nofollow noopener\" target=\"_blank\">sa Potter d\u00e5<\/a>.<\/p>\n<p>Frank gav \u00e4ven en kort statusuppdatering kring Lucas Bergvall, som tvingades bryta onsdagens match mot Bournemouth.<\/p>\n<p>&#8211; Lucas kommer tittas till i dag. Vi vet mer senare i dag med honom, s\u00e4ger Spurs-tr\u00e4naren.<\/p>\n","protected":false},"excerpt":{"rendered":"Dejan Kulusevski har varit borta fr\u00e5n spel sedan maj i fjol med en kn\u00e4skada som han opererats f\u00f6r.&hellip;\n","protected":false},"author":2,"featured_media":129856,"comment_status":"","ping_status":"","sticky":false,"template":"","format":"standard","meta":{"footnotes":""},"categories":[5],"tags":[22,23,26,27,17,21,24,25,28,29,15,16,18,34,31,33,32,30,19,20],"class_list":{"0":"post-129855","1":"post","2":"type-post","3":"status-publish","4":"format-standard","5":"has-post-thumbnail","7":"category-rubriker","8":"tag-breaking-news","9":"tag-breakingnews","10":"tag-featured-news","11":"tag-featurednews","12":"tag-headlines","13":"tag-huvudnyheter","14":"tag-latest-news","15":"tag-latestnews","16":"tag-main-news","17":"tag-mainnews","18":"tag-news","19":"tag-nyheter","20":"tag-rubriker","21":"tag-se","22":"tag-svenska","23":"tag-sverige","24":"tag-sweden","25":"tag-swedish","26":"tag-top-stories","27":"tag-topstories"},"share_on_mastodon":{"url":"https:\/\/pubeurope.com\/@se\/115860677728203026","error":""},"_links":{"self":[{"href":"https:\/\/www.europesays.com\/se\/wp-json\/wp\/v2\/posts\/129855","targetHints":{"allow":["GET"]}}],"collection":[{"href":"https:\/\/www.europesays.com\/se\/wp-json\/wp\/v2\/posts"}],"about":[{"href":"https:\/\/www.europesays.com\/se\/wp-json\/wp\/v2\/types\/post"}],"author":[{"embeddable":true,"href":"https:\/\/www.europesays.com\/se\/wp-json\/wp\/v2\/users\/2"}],"replies":[{"embeddable":true,"href":"https:\/\/www.europesays.com\/se\/wp-json\/wp\/v2\/comments?post=129855"}],"version-history":[{"count":0,"href":"https:\/\/www.europesays.com\/se\/wp-json\/wp\/v2\/posts\/129855\/revisions"}],"wp:featuredmedia":[{"embeddable":true,"href":"https:\/\/www.europesays.com\/se\/wp-json\/wp\/v2\/media\/129856"}],"wp:attachment":[{"href":"https:\/\/www.europesays.com\/se\/wp-json\/wp\/v2\/media?parent=129855"}],"wp:term":[{"taxonomy":"category","embeddable":true,"href":"https:\/\/www.europesays.com\/se\/wp-json\/wp\/v2\/categories?post=129855"},{"taxonomy":"post_tag","embeddable":true,"href":"https:\/\/www.europesays.com\/se\/wp-json\/wp\/v2\/tags?post=129855"}],"curies":[{"name":"wp","href":"https:\/\/api.w.org\/{rel}","templated":true}]}}