{"id":129857,"date":"2026-01-08T17:34:19","date_gmt":"2026-01-08T17:34:19","guid":{"rendered":"https:\/\/www.europesays.com\/se\/129857\/"},"modified":"2026-01-08T17:34:19","modified_gmt":"2026-01-08T17:34:19","slug":"gyokeres-enda-svensk-nominerad-till-arets-lag-e-sport","status":"publish","type":"post","link":"https:\/\/www.europesays.com\/se\/129857\/","title":{"rendered":"Gy\u00f6keres enda svensk nominerad till \u00e5rets lag | E-sport"},"content":{"rendered":"<p>Publicerad 8 jan 2026 kl 11.49<\/p>\n<p>Alla som nominerats till \u00e5rets lag i EA FC har tillk\u00e4nnagetts.<\/p>\n<p>Bland alla dam- och herrspelarna finns bara en enda svensk.<\/p>\n<p>Viktor Gy\u00f6keres.<\/p>\n<p><img   alt=\"\"\/><\/p>\n<p>De nominerade till \u00e5rets anfallare p\u00e5 herrsidan.<\/p>\n<p>Foto: EA Sports<\/p>\n<p>\u00d6ppna bild i helsk\u00e4rm<img loading=\"lazy\"   alt=\"\"\/> <\/p>\n<p>Foto: PETER BYRNE \/ STELLA PICTURES<\/p>\n<p>\u00d6ppna bild i helsk\u00e4rm<\/p>\n<p>Nu st\u00e5r det klart vilka spelare som det g\u00e5r att r\u00f6sta fram till \u00e5rets dr\u00f6melva i EA Sports FC.<\/p>\n<p>Bland de m\u00e4ngderna av spelare \u2013 damer som herrar \u2013 p\u00e5 positionerna m\u00e5lvakt, f\u00f6rsvarare, mittf\u00e4ltare och anfallare s\u00e5 \u00e4r det bara Arsenalanfallaren <a href=\"https:\/\/www.expressen.se\/tagg\/person\/viktor-gyokeres\/\" class=\"\" rel=\"nofollow noopener\" target=\"_blank\">Viktor Gy\u00f6keres<\/a> som tar plats bland de bl\u00e5gula spelarna.<\/p>\n<p>P\u00e5 damsidan har allts\u00e5 inte en enda spelare blivit nominerad.<\/p>\n<p>Gy\u00f6keres f\u00e5r i sin kategori t\u00e4vla med j\u00e4ttenamn som Erling Haaland och Harry Kane.<\/p>\n<p>Svensken \u00f6ste in m\u00e5l under \u00e5ret f\u00f6r Sporting i den portugisiska ligan och gjorde under sommaren det uppm\u00e4rksammade bytet till Arsenal.\u00a0<\/p>\n<p>D\u00e4r har m\u00e5lskyttet d\u00e4remot g\u00e5tt tyngre hittills med totalt sju m\u00e5l i alla t\u00e4vlingar.<\/p>\n","protected":false},"excerpt":{"rendered":"Publicerad 8 jan 2026 kl 11.49 Alla som nominerats till \u00e5rets lag i EA FC har tillk\u00e4nnagetts. Bland&hellip;\n","protected":false},"author":2,"featured_media":129858,"comment_status":"","ping_status":"","sticky":false,"template":"","format":"standard","meta":{"footnotes":""},"categories":[68],"tags":[1229,295,34,755,111,110,31,33,32,30],"class_list":{"0":"post-129857","1":"post","2":"type-post","3":"status-publish","4":"format-standard","5":"has-post-thumbnail","7":"category-sport","8":"tag-organization-arsenal","9":"tag-person-viktor-gyokeres","10":"tag-se","11":"tag-sections-esport","12":"tag-sport","13":"tag-sports","14":"tag-svenska","15":"tag-sverige","16":"tag-sweden","17":"tag-swedish"},"share_on_mastodon":{"url":"https:\/\/pubeurope.com\/@se\/115860685597969114","error":""},"_links":{"self":[{"href":"https:\/\/www.europesays.com\/se\/wp-json\/wp\/v2\/posts\/129857","targetHints":{"allow":["GET"]}}],"collection":[{"href":"https:\/\/www.europesays.com\/se\/wp-json\/wp\/v2\/posts"}],"about":[{"href":"https:\/\/www.europesays.com\/se\/wp-json\/wp\/v2\/types\/post"}],"author":[{"embeddable":true,"href":"https:\/\/www.europesays.com\/se\/wp-json\/wp\/v2\/users\/2"}],"replies":[{"embeddable":true,"href":"https:\/\/www.europesays.com\/se\/wp-json\/wp\/v2\/comments?post=129857"}],"version-history":[{"count":0,"href":"https:\/\/www.europesays.com\/se\/wp-json\/wp\/v2\/posts\/129857\/revisions"}],"wp:featuredmedia":[{"embeddable":true,"href":"https:\/\/www.europesays.com\/se\/wp-json\/wp\/v2\/media\/129858"}],"wp:attachment":[{"href":"https:\/\/www.europesays.com\/se\/wp-json\/wp\/v2\/media?parent=129857"}],"wp:term":[{"taxonomy":"category","embeddable":true,"href":"https:\/\/www.europesays.com\/se\/wp-json\/wp\/v2\/categories?post=129857"},{"taxonomy":"post_tag","embeddable":true,"href":"https:\/\/www.europesays.com\/se\/wp-json\/wp\/v2\/tags?post=129857"}],"curies":[{"name":"wp","href":"https:\/\/api.w.org\/{rel}","templated":true}]}}