{"id":129860,"date":"2026-01-08T17:38:08","date_gmt":"2026-01-08T17:38:08","guid":{"rendered":"https:\/\/www.europesays.com\/se\/129860\/"},"modified":"2026-01-08T17:38:08","modified_gmt":"2026-01-08T17:38:08","slug":"tyskland-rasar-mot-fem-dagar-langt-elavbrott-i-berlin","status":"publish","type":"post","link":"https:\/\/www.europesays.com\/se\/129860\/","title":{"rendered":"Tyskland rasar mot fem dagar l\u00e5ngt elavbrott i Berlin"},"content":{"rendered":"<p>Det finns tv\u00e5 huvudsakliga och mycket tyska orsaker till att str\u00f6mavbrottet i Berlin varade i n\u00e4stan en vecka. Den ena \u00e4r eftersatt infrastruktur. Den andra \u00e4r radikala grupper \u2013 i det h\u00e4r fallet troligen v\u00e4nsterextremistiska s\u00e5dana.<\/p>\n<p>\u2013 V\u00e4nsterextremismen \u00e4r tillbaka. Vi f\u00e5r inte vara blinda, sade Berlins borgm\u00e4stare Kai Wegner.<\/p>\n<p><strong>Sj\u00e4lv<\/strong> <strong>drunknar borgm\u00e4staren<\/strong> i kritik eftersom han valde att g\u00e5 och spela tennis den 3 januari, samma dag som \u00f6ver 100 000 hush\u00e5ll i Berlin blev utan str\u00f6m. Enligt tyska myndigheter skedde elavbrottet efter en attack mot en kabelbrygga, vilket \u00e4r en ramp som skyddar kablar och slangar f\u00f6r fordon d\u00e5 de korsar en trafikerad v\u00e4g.<\/p>\n<p>Polisen tror att attacken utf\u00f6rdes av Vulkangruppe. Det \u00e4r ett n\u00e4tverk av v\u00e5ldsben\u00e4gna v\u00e4nsterextremister som grundades efter att ett vulkanutbrott p\u00e5 Island 2010 st\u00f6rde flygtrafiken i flera veckor.<\/p>\n<p>          <img decoding=\"async\" class=\"picture__img\" src=\"https:\/\/www.europesays.com\/se\/wp-content\/uploads\/2026\/01\/afb71b97-e37b-4350-91c6-c19d5a79f111.jpeg\"   alt=\"Berlins borgm\u00e4stare Kai Wegner sade att v\u00e4nsterextremismen \u00e4r tillbaka efter att sydv\u00e4stra Berlin m\u00f6rklades, troligen som ett resultat av sabotage.\"\/><\/p>\n<p>      Berlins borgm\u00e4stare Kai Wegner sade att v\u00e4nsterextremismen \u00e4r tillbaka efter att sydv\u00e4stra Berlin m\u00f6rklades, troligen som ett resultat av sabotage.<\/p>\n<p>      Foto: TT<\/p>\n<p><strong>Men experter<\/strong> p\u00e5 infrastruktur s\u00e4ger att det st\u00f6rsta problemet inte \u00e4r extremisterna. Det \u00e4r den underm\u00e5liga tyska infrastrukturen och svaga beredskapen.<\/p>\n<p>\u2013 Kritisk infrastruktur \u00e4r alltid s\u00e5rbar i ett \u00f6ppet samh\u00e4lle. Vi i Tyskland har ingenting l\u00e4rt oss av tidigare erfarenheter. V\u00e5r infrastruktur saknar motst\u00e5ndskraft, d\u00e4remot \u00e4r vi v\u00e4ldigt motst\u00e5ndskraftiga n\u00e4r det g\u00e4ller att l\u00e4ra oss saker, s\u00e4ger Manuel Atug till <a href=\"https:\/\/www.faz.net\/aktuell\/politik\/inland\/stromausfall-in-berlin-experte-fordert-mehr-bevoelkerungsschutz-accg-110814894.html\" rel=\"nofollow noopener\" target=\"_blank\">Frankfurter Allgemeine Zeitung<\/a>. Han har grundat AG Kritis, en grupp best\u00e5ende av oberoende experter som jobbar f\u00f6r att f\u00f6rb\u00e4ttra Tysklands f\u00f6rs\u00f6rjningss\u00e4kerhet.<\/p>\n<p><strong>Vissa politiker<\/strong> kr\u00e4ver nu att det inte l\u00e4ngre ska finnas n\u00e5gon \u00f6ppen information om till exempel reparationer av mobilmaster. Atug kallar det populism.<\/p>\n<p>\u2013 Mobilmaster och kraftledningar g\u00e5r inte att d\u00f6lja. Vi vet sedan l\u00e5ng tid tillbaka att h\u00f6gsp\u00e4nningsledningarna i Berlin saknar redundans. Det kostar n\u00e4mligen pengar, och tar tid att bygga upp. S\u00e5 de ansvariga ignorerar problemet, s\u00e4ger Mannuel Atug.<\/p>\n<p>Redundans betyder att systemet har tillr\u00e4cklig backup f\u00f6r att forts\u00e4tta fungera, \u00e4ven om delar av det kollapsar.<\/p>\n<p><strong>I onsdags<\/strong> fick allts\u00e5 de sista hush\u00e5llen i Berlin sin elektricitet tillbaka. \u00d6ver 100 000 hush\u00e5ll ber\u00f6rdes och av dem var 45 000 utan str\u00f6m i fem dagar. Det \u00e4r det l\u00e4ngsta str\u00f6mavbrottet i Berlin sedan kriget.<\/p>\n<p>Den knappa veckan utan el fick tyska medier att i en strid str\u00f6m producera material om hur man klarar sig utan el, hur man tv\u00e4ttar sig med ett minimum av vatten och att det alltid g\u00e4ller att ha ris, nudlar och konserver hemma. De s\u00e5 kallade n\u00f6dstationerna d\u00e4r str\u00f6ml\u00f6sa berlinare kan f\u00e5 mat och ladda sina mobiltelefoner h\u00f6ll \u00f6ppet n\u00e5gra extra dagar.<\/p>\n<p>Tysklands nya f\u00f6rbundskansler Friedrich Merz inledde sin kanslerkarri\u00e4r med ett j\u00e4ttel\u00e5n, en s\u00e5 kallade Sonderverm\u00f6gen p\u00e5 500 miljarder euro. Det skulle anv\u00e4ndas bland annat f\u00f6r att rusta upp infrastruktur.<\/p>\n<p>Fr\u00e5gan \u00e4r om l\u00e5net kommer att r\u00e4cka.<\/p>\n<p>          Fakta.Str\u00f6mavbrottet i Berlin<\/p>\n<p>\u25cf Tidigt p\u00e5 morgonen den 3 januari 2026 skedde ett omfattande str\u00f6mavbrott i Steglitz-Zehlendorf i sydv\u00e4stra Berlin. Klockan 06.45 hittade man en brinnande elkabel \u00f6ver Teltow-kanalen. Brandk\u00e5ren sl\u00e4ckte elden, men 100 000 hush\u00e5ll blev utan el. \u00c4ven skolor och sjukhus var str\u00f6ml\u00f6sa, varf\u00f6r skolorna tvingades st\u00e4nga.<\/p>\n<p>\u25cf Klockan 18.44 den 7 januari meddelade myndigheterna att str\u00f6mavbrottet nu \u00e4r fullst\u00e4ndigt \u00e5tg\u00e4rdat.<\/p>\n<p>\u25cf Den v\u00e4nsterextrema gruppen som misst\u00e4nks f\u00f6r d\u00e5det kallar sig Vulkangruppe. Tyska polisen vet inte exakt hur m\u00e5nga medlemmar den har. Gruppen har gjort flera attacker mot kritisk infrastruktur. \u00c5r 2011 br\u00e4nde de en kabelbrygga p\u00e5 j\u00e4rnv\u00e4gsstationen Ostkreuz, vilket ledde till omfattande st\u00f6rningar i t\u00e5gtrafiken. \u00c5r 2021 var de misst\u00e4nkta f\u00f6r ett attentat mot en Teslafabrik utanf\u00f6r Berlin och 2025 tog gruppen p\u00e5 sig ansvaret f\u00f6r en brandattack mot en transformator i Berlin-Dahlem. I brevet som s\u00e4ndes till polisen meddelade de: \u201dVi har inte l\u00e4ngre r\u00e5d med dessa rika\u201d.<\/p>\n<p>            Visa mer<\/p>\n<p>            Visa mindre<\/p>\n","protected":false},"excerpt":{"rendered":"Det finns tv\u00e5 huvudsakliga och mycket tyska orsaker till att str\u00f6mavbrottet i Berlin varade i n\u00e4stan en vecka.&hellip;\n","protected":false},"author":2,"featured_media":129861,"comment_status":"","ping_status":"","sticky":false,"template":"","format":"standard","meta":{"footnotes":""},"categories":[14],"tags":[22,23,26,27,17,21,24,25,28,29,15,16,18,34,31,33,32,30,19,20,51,52,53,54],"class_list":{"0":"post-129860","1":"post","2":"type-post","3":"status-publish","4":"format-standard","5":"has-post-thumbnail","7":"category-varlden","8":"tag-breaking-news","9":"tag-breakingnews","10":"tag-featured-news","11":"tag-featurednews","12":"tag-headlines","13":"tag-huvudnyheter","14":"tag-latest-news","15":"tag-latestnews","16":"tag-main-news","17":"tag-mainnews","18":"tag-news","19":"tag-nyheter","20":"tag-rubriker","21":"tag-se","22":"tag-svenska","23":"tag-sverige","24":"tag-sweden","25":"tag-swedish","26":"tag-top-stories","27":"tag-topstories","28":"tag-varlden","29":"tag-world","30":"tag-world-news","31":"tag-worldnews"},"share_on_mastodon":{"url":"https:\/\/pubeurope.com\/@se\/115860701343360134","error":""},"_links":{"self":[{"href":"https:\/\/www.europesays.com\/se\/wp-json\/wp\/v2\/posts\/129860","targetHints":{"allow":["GET"]}}],"collection":[{"href":"https:\/\/www.europesays.com\/se\/wp-json\/wp\/v2\/posts"}],"about":[{"href":"https:\/\/www.europesays.com\/se\/wp-json\/wp\/v2\/types\/post"}],"author":[{"embeddable":true,"href":"https:\/\/www.europesays.com\/se\/wp-json\/wp\/v2\/users\/2"}],"replies":[{"embeddable":true,"href":"https:\/\/www.europesays.com\/se\/wp-json\/wp\/v2\/comments?post=129860"}],"version-history":[{"count":0,"href":"https:\/\/www.europesays.com\/se\/wp-json\/wp\/v2\/posts\/129860\/revisions"}],"wp:featuredmedia":[{"embeddable":true,"href":"https:\/\/www.europesays.com\/se\/wp-json\/wp\/v2\/media\/129861"}],"wp:attachment":[{"href":"https:\/\/www.europesays.com\/se\/wp-json\/wp\/v2\/media?parent=129860"}],"wp:term":[{"taxonomy":"category","embeddable":true,"href":"https:\/\/www.europesays.com\/se\/wp-json\/wp\/v2\/categories?post=129860"},{"taxonomy":"post_tag","embeddable":true,"href":"https:\/\/www.europesays.com\/se\/wp-json\/wp\/v2\/tags?post=129860"}],"curies":[{"name":"wp","href":"https:\/\/api.w.org\/{rel}","templated":true}]}}