{"id":129862,"date":"2026-01-08T17:40:13","date_gmt":"2026-01-08T17:40:13","guid":{"rendered":"https:\/\/www.europesays.com\/se\/129862\/"},"modified":"2026-01-08T17:40:13","modified_gmt":"2026-01-08T17:40:13","slug":"flera-atgarder-ska-skydda-eus-jordbrukare","status":"publish","type":"post","link":"https:\/\/www.europesays.com\/se\/129862\/","title":{"rendered":"Flera \u00e5tg\u00e4rder ska skydda EU:s jordbrukare"},"content":{"rendered":"<p>&#13;<br \/>\n                                            &#13;<\/p>\n<p class=\"summary\"><strong><\/p>\n<p>Onsdagens m\u00f6te mellan EU:s jordbruksministrar och kommission\u00e4rer handlade bland annat om Mercosur-avtalet och vilka \u00e5tg\u00e4rder kommissionen t\u00e4nker inf\u00f6ra f\u00f6r att skydda de egna jordbrukarnas intressen och konkurrenskraft.<\/p>\n<p>&#13;<br \/>\n<\/strong><\/p>\n<p>&#13;<br \/>\n                                            <img decoding=\"async\" alt=\"\" src=\"https:\/\/www.europesays.com\/se\/wp-content\/uploads\/2026\/01\/1767894013_26_getimage.aspx.jpeg\"\/>&#13;<br \/>\nUnder m\u00f6tet diskuterades flera av de \u00e5tg\u00e4rder som kommissionen f\u00f6reslagit och som \u00e4r t\u00e4nkta att v\u00e4rna om de europeiska jordbrukarnas intressen om Mercosur-avtalet g\u00e5r i l\u00e5s. (P\u00e5 bilden syns EU-kommissionens byggnad i Bryssel). Foto: Madeleine Rapp&#13;<br \/>\n&#13;<br \/>\n&#13;<\/p>\n<p>I ett gemensamt skriftligt uttalande efter g\u00e5rdagens m\u00f6te skriver man att EU:s jordbruks- och livsmedelssektors globala konkurrenskraft \u00e4r en stark tillg\u00e5ng f\u00f6r EU:s v\u00e4lst\u00e5nd. Man konstaterar att exporten av jordbruksprodukter uppgick till 235 miljarder euro \u00e5r 2024 med ett \u00f6verskott p\u00e5 64 miljarder euro.<\/p>\n<p>&#13;<br \/>\n&#13;<\/p>\n<p>\u201dHandel \u00e4r ocks\u00e5 avg\u00f6rande f\u00f6r EU:s jordbruksjobb och st\u00f6der tre miljoner jobb i EU, det vill s\u00e4ga ett av fyra jobb inom sektorn. Att forts\u00e4tta h\u00e5lla marknaderna \u00f6ppna i tredjel\u00e4nder genom EU:s handelsavtalsagenda \u00e4r d\u00e4rf\u00f6r avg\u00f6rande f\u00f6r sektorns ekonomiska framg\u00e5ng\u201d skriver de.\u00a0\u00a0<\/p>\n<p>&#13;<br \/>\n&#13;<\/p>\n<p>Kommissionen betonade vikten av avtalet mellan EU och Mercosur som man v\u00e4ntar sig ska \u00f6ka EU:s export av jordbruksprodukter till regionen med 50 procent samtidigt som skyddet av 344 geografiska beteckningar inom EU s\u00e4kerst\u00e4lls, vilket skyddar symboliska EU-livsmedels- och dryckesprodukter fr\u00e5n imitation.<\/p>\n<p>&#13;<br \/>\n&#13;<\/p>\n<p>Samtidigt skriver man att jordbrukarnas intressen alltid beaktas noga i EU:s handelsf\u00f6rhandlingar och man f\u00f6resl\u00e5r bland annat en skyddsklausul, en slags handbroms, som kan anv\u00e4ndas om en ov\u00e4ntad import\u00f6kning hotar n\u00e5gon sektor.<\/p>\n<p>&#13;<br \/>\n&#13;<\/p>\n<p>\u201dDessutom kan den nuvarande marknadsn\u00f6dreserven (450 miljoner euro\/\u00e5r) och det framtida Unity Safey Net (med en st\u00f6rre budget p\u00e5 6,3 miljarder euro) agera om st\u00f6rre marknadsst\u00f6rningar skulle uppst\u00e5.\u201d, skriver de.<\/p>\n<p>&#13;<br \/>\n&#13;<br \/>\nViktigt med lika villkor&#13;<br \/>\n&#13;<\/p>\n<p>Men man skriver ocks\u00e5 att det \u00e4r viktigt f\u00f6r sektorns konkurrenskraft att lika villkor s\u00e4kerst\u00e4lls:<\/p>\n<p>&#13;<br \/>\n&#13;<\/p>\n<p>\u201dEU:s regler f\u00f6r livsmedels- och foders\u00e4kerhet \u00e4r bland de starkaste i v\u00e4rlden. Som framh\u00e4vs i visionen f\u00f6r jordbruk och livsmedel str\u00e4var kommissionen efter en starkare anpassning av produktionsstandarder som till\u00e4mpas p\u00e5 importerade produkter. N\u00e4r det g\u00e4ller de farligaste bek\u00e4mpningsmedlen som \u00e4r f\u00f6rbjudna i EU har kommissionen redan fastst\u00e4llt en princip att s\u00e5dana bek\u00e4mpningsmedelsrester inte f\u00e5r \u00e5terf\u00f6ras till EU genom importerade produkter.\u201d<\/p>\n<p>&#13;<br \/>\n&#13;<\/p>\n<p>Kommissionen har f\u00f6reslagit \u00e5tg\u00e4rder som ska s\u00e4kerst\u00e4lla att detta efterlevs. Kommissionen intensifierar ocks\u00e5 sina \u00e5tg\u00e4rder n\u00e4r det g\u00e4ller h\u00e5rdare och mer uppdaterade importkontroller, samt st\u00f6d till medlemsl\u00e4nderna som utf\u00f6r de flesta av dessa ytterligare kontroller. Ut\u00f6ver dessa \u00e5tg\u00e4rder har kommissionen \u00e4ven f\u00f6reslagit en utvidgning av ursprungsm\u00e4rkningen och initierat en omfattande marknadsf\u00f6ringskampanj f\u00f6r den inre marknaden under namnet \u201dBuy European\u201d.<\/p>\n<p>&#13;<br \/>\n&#13;<br \/>\nTulls\u00e4nkningar p\u00e5 g\u00f6dselmedel&#13;<br \/>\n&#13;<\/p>\n<p>Under m\u00f6tet diskuterades \u00e4ven det omdiskuterade inf\u00f6randet av CBAM (Carbon Border Adjustment Mechanism), en EU:mekanism f\u00f6r att s\u00e4tta ett pris p\u00e5 koldioxidutsl\u00e4pp fr\u00e5n importerade varor till EU, som ska motsvara det pris som EU-f\u00f6retag betalar f\u00f6r att motverka koldioxidl\u00e4ckage. Mekanismen \u00e4r t\u00e4nkt att skapa likv\u00e4rdiga villkor ochinneb\u00e4r att import\u00f6rer av utsl\u00e4ppsintensiva produkter som st\u00e5l, cement, aluminium, g\u00f6dsel, el och v\u00e4tgas m\u00e5ste k\u00f6pa certifikat motsvarande utsl\u00e4ppen, kopplat till EU:s system f\u00f6r utsl\u00e4ppshandel.<\/p>\n<p>&#13;<br \/>\n&#13;<\/p>\n<p>Redan under december f\u00f6reslog kommissionen en rad \u00e5tg\u00e4rder p\u00e5 EU-niv\u00e5 med fokus p\u00e5 g\u00f6dselmedel. Bland annat inf\u00f6rdes ett undantag fr\u00e5n standardber\u00e4kningsreglerna f\u00f6r att minska effekterna av CBAM p\u00e5 g\u00f6dselmedel, vilket g\u00f6r dem till den enda varan som omfattas av ett s\u00e5dant undantag.<\/p>\n<p>&#13;<br \/>\n&#13;<\/p>\n<p>Nu f\u00f6resl\u00e5r kommissionen ytterligare \u00e5tg\u00e4rder i form av tulls\u00e4nkningar. Kommissionen meddelar att man tillf\u00e4lligt upph\u00e4ver de \u00e5terst\u00e5ende tullarna f\u00f6r (MFN), det vill s\u00e4ga f\u00f6r ammoniak, urea och, vid behov, vissa andra g\u00f6dselmedel. Detta f\u00f6r att kompensera f\u00f6r de kostnader som tillkommer vid inf\u00f6randet av CBAM.<\/p>\n<p>&#13;<br \/>\n&#13;<\/p>\n<p>\u201dTillg\u00e5ngen till och \u00f6verkomliga priser p\u00e5 g\u00f6dselmedel \u00e4r avg\u00f6rande f\u00f6r jordbruk och livsmedelss\u00e4kerhet, samtidigt som st\u00f6d till EU:s inhemska g\u00f6dselmedelsindustri \u00e4r avg\u00f6rande f\u00f6r att undvika skadliga strategiska beroenden. Medan g\u00f6dselmedelspriserna har stabiliserats \u00e4r de fortfarande cirka 60 procent h\u00f6gre \u00e4n 2020.\u201d skriver de i uttalandet.<\/p>\n<p>&#13;<br \/>\n&#13;<\/p>\n<p>Man kommer nu att inf\u00f6ra skydds\u00e5tg\u00e4rder som ska s\u00e4kerst\u00e4lla att \u00e5tg\u00e4rderna \u00e4r riktade och att f\u00f6rdelarna kommer jordbrukarna till del.<\/p>\n<p>&#13;<br \/>\n&#13;<br \/>\n&#13;<br \/>\n&#13;<br \/>\n&#13;<\/p>\n<p>\u00a0<\/p>\n<p>&#13;<br \/>\n&#13;<\/p>\n<p>Artikeln publicerades torsdag den 08 januari 2026<\/p>\n<p>&#13;<\/p>\n<p>&#13;<br \/>\n                                               &#8211; -&#13;<br \/>\n                                               -&#13;\n                                            <\/p>\n<p>&#13;<\/p>\n","protected":false},"excerpt":{"rendered":"&#13; &#13; Onsdagens m\u00f6te mellan EU:s jordbruksministrar och kommission\u00e4rer handlade bland annat om Mercosur-avtalet och vilka \u00e5tg\u00e4rder kommissionen&hellip;\n","protected":false},"author":2,"featured_media":129863,"comment_status":"","ping_status":"","sticky":false,"template":"","format":"standard","meta":{"footnotes":""},"categories":[5],"tags":[22,23,26,27,17,21,24,25,28,29,15,16,18,34,31,33,32,30,19,20],"class_list":{"0":"post-129862","1":"post","2":"type-post","3":"status-publish","4":"format-standard","5":"has-post-thumbnail","7":"category-rubriker","8":"tag-breaking-news","9":"tag-breakingnews","10":"tag-featured-news","11":"tag-featurednews","12":"tag-headlines","13":"tag-huvudnyheter","14":"tag-latest-news","15":"tag-latestnews","16":"tag-main-news","17":"tag-mainnews","18":"tag-news","19":"tag-nyheter","20":"tag-rubriker","21":"tag-se","22":"tag-svenska","23":"tag-sverige","24":"tag-sweden","25":"tag-swedish","26":"tag-top-stories","27":"tag-topstories"},"share_on_mastodon":{"url":"https:\/\/pubeurope.com\/@se\/115860709213113670","error":""},"_links":{"self":[{"href":"https:\/\/www.europesays.com\/se\/wp-json\/wp\/v2\/posts\/129862","targetHints":{"allow":["GET"]}}],"collection":[{"href":"https:\/\/www.europesays.com\/se\/wp-json\/wp\/v2\/posts"}],"about":[{"href":"https:\/\/www.europesays.com\/se\/wp-json\/wp\/v2\/types\/post"}],"author":[{"embeddable":true,"href":"https:\/\/www.europesays.com\/se\/wp-json\/wp\/v2\/users\/2"}],"replies":[{"embeddable":true,"href":"https:\/\/www.europesays.com\/se\/wp-json\/wp\/v2\/comments?post=129862"}],"version-history":[{"count":0,"href":"https:\/\/www.europesays.com\/se\/wp-json\/wp\/v2\/posts\/129862\/revisions"}],"wp:featuredmedia":[{"embeddable":true,"href":"https:\/\/www.europesays.com\/se\/wp-json\/wp\/v2\/media\/129863"}],"wp:attachment":[{"href":"https:\/\/www.europesays.com\/se\/wp-json\/wp\/v2\/media?parent=129862"}],"wp:term":[{"taxonomy":"category","embeddable":true,"href":"https:\/\/www.europesays.com\/se\/wp-json\/wp\/v2\/categories?post=129862"},{"taxonomy":"post_tag","embeddable":true,"href":"https:\/\/www.europesays.com\/se\/wp-json\/wp\/v2\/tags?post=129862"}],"curies":[{"name":"wp","href":"https:\/\/api.w.org\/{rel}","templated":true}]}}