{"id":129864,"date":"2026-01-08T17:42:21","date_gmt":"2026-01-08T17:42:21","guid":{"rendered":"https:\/\/www.europesays.com\/se\/129864\/"},"modified":"2026-01-08T17:42:21","modified_gmt":"2026-01-08T17:42:21","slug":"succe-for-bardghji-i-barcas-kross-spanien","status":"publish","type":"post","link":"https:\/\/www.europesays.com\/se\/129864\/","title":{"rendered":"Succ\u00e9 f\u00f6r Bardghji i Bar\u00e7as kross &#8211; Spanien"},"content":{"rendered":"<p>Spanska supercupen g\u00e5r av stapeln i Jeddah, Saudiarabien, d\u00e4r Barcelona st\u00e4lldes mot Athletic Club i den f\u00f6rsta semifinalen.<\/p>\n<p>Roony Bardghji fick chansen fr\u00e5n start framf\u00f6r Lamine Yamal, d\u00e5 svensken bildade anfallstrio med Ferran Torres och Raphinha.<\/p>\n<p>Efter dryga halvtimmen var det Bardghji som ut\u00f6kade Bar\u00e7as ledning till 3-0 n\u00e4r han v\u00e4nde och vred och sk\u00f6t ett skott med h\u00f6gerfoten som letade sig in i n\u00e4t. M\u00e5let var svenskens andra i t\u00e4vlingssammanhang f\u00f6r Barcelona. Bardghji n\u00e4tade \u00e4ven mot Real Betis i La Liga i b\u00f6rjan av december.<\/p>\n<p>Kort d\u00e4rp\u00e5 ut\u00f6kade Raphinha till 4-0, som var resultatet strax f\u00f6re paus. Bardghji spelade fram till m\u00e5let med en \u00f6ppnande crossboll fr\u00e5n h\u00f6ger till v\u00e4nster, innan Raphinha avancerade in i straffomr\u00e5det och lossade b\u00f6ssan.<\/p>\n<p>I b\u00f6rjan p\u00e5 andra halvlek satte Raphinha 5-0 med sitt andra m\u00e5l f\u00f6r kv\u00e4llen. Bardghji noterades f\u00f6r en turlig assist n\u00e4r han fick bollen p\u00e5 sig i ett motl\u00e4gg och spelade fram den till Raphinha.<\/p>\n<p>Roony Bardghji fick n\u00f6ja sig s\u00e5. Efter 72 minuter byttes han ut mot Lamine Yamal. Barcelona vann med 5-0 och \u00e4r vidare till final.<\/p>\n<p>Efter matchen sa Roony Bardghji, enligt X-kontot Bar\u00e7a Universal:<\/p>\n<p>&#8211; Jag \u00e4r v\u00e4ldigt glad med v\u00e5r match och mitt m\u00e5l. Jag har \u00f6vat mycket.<\/p>\n<p>Svensken fick \u00e4ven svara p\u00e5 fr\u00e5gor om hur det varit att inte f\u00e5 s\u00e5 mycket speltid.<\/p>\n<p>&#8211; N\u00e4r du kommer till en ny klubb m\u00e5ste du anpassa dig. Vissa av spelarna har varit h\u00e4r i hela sina liv. Sj\u00e4lvklart vill jag spela mer, men jag l\u00e4r mig fr\u00e5n alla. Det \u00e4r bara min f\u00f6rsta s\u00e4song i Bar\u00e7a.<\/p>\n<p>Hansi Flick hyllade svensken efter\u00e5t.<\/p>\n<p>&#8211; Jag \u00e4r extremt n\u00f6jd med Roony Bardghji. Han var fantastisk igen, precis som varje g\u00e5ng jag litat p\u00e5 honom, sa Bar\u00e7a-tr\u00e4naren enligt Fabrizio Romano.<\/p>\n<p>Enligt Bar\u00e7a Universal sa Flick efter matchen:<\/p>\n<p>&#8211; Det \u00e4r sv\u00e5rt f\u00f6r Roony att spela mycket, eftersom han spelar p\u00e5 samma position som Lamine Yamal.<\/p>\n<p>I den andra semifinalen, som spelas p\u00e5 torsdagen, m\u00f6ts Real och Atl\u00e9tico Madrid.<\/p>\n<p><strong>Barcelonas startelva: <\/strong>Joan Garcia &#8211; Kounde, Eric Garcia, Cubarsi, Balde &#8211; De Jong, Fermin, Pedri &#8211; Bardghji, Ferran Torres, Raphinha.<\/p>\n","protected":false},"excerpt":{"rendered":"Spanska supercupen g\u00e5r av stapeln i Jeddah, Saudiarabien, d\u00e4r Barcelona st\u00e4lldes mot Athletic Club i den f\u00f6rsta semifinalen.&hellip;\n","protected":false},"author":2,"featured_media":129865,"comment_status":"","ping_status":"","sticky":false,"template":"","format":"standard","meta":{"footnotes":""},"categories":[68],"tags":[34,111,110,31,33,32,30],"class_list":{"0":"post-129864","1":"post","2":"type-post","3":"status-publish","4":"format-standard","5":"has-post-thumbnail","7":"category-sport","8":"tag-se","9":"tag-sport","10":"tag-sports","11":"tag-svenska","12":"tag-sverige","13":"tag-sweden","14":"tag-swedish"},"share_on_mastodon":{"url":"https:\/\/pubeurope.com\/@se\/115860717066656535","error":""},"_links":{"self":[{"href":"https:\/\/www.europesays.com\/se\/wp-json\/wp\/v2\/posts\/129864","targetHints":{"allow":["GET"]}}],"collection":[{"href":"https:\/\/www.europesays.com\/se\/wp-json\/wp\/v2\/posts"}],"about":[{"href":"https:\/\/www.europesays.com\/se\/wp-json\/wp\/v2\/types\/post"}],"author":[{"embeddable":true,"href":"https:\/\/www.europesays.com\/se\/wp-json\/wp\/v2\/users\/2"}],"replies":[{"embeddable":true,"href":"https:\/\/www.europesays.com\/se\/wp-json\/wp\/v2\/comments?post=129864"}],"version-history":[{"count":0,"href":"https:\/\/www.europesays.com\/se\/wp-json\/wp\/v2\/posts\/129864\/revisions"}],"wp:featuredmedia":[{"embeddable":true,"href":"https:\/\/www.europesays.com\/se\/wp-json\/wp\/v2\/media\/129865"}],"wp:attachment":[{"href":"https:\/\/www.europesays.com\/se\/wp-json\/wp\/v2\/media?parent=129864"}],"wp:term":[{"taxonomy":"category","embeddable":true,"href":"https:\/\/www.europesays.com\/se\/wp-json\/wp\/v2\/categories?post=129864"},{"taxonomy":"post_tag","embeddable":true,"href":"https:\/\/www.europesays.com\/se\/wp-json\/wp\/v2\/tags?post=129864"}],"curies":[{"name":"wp","href":"https:\/\/api.w.org\/{rel}","templated":true}]}}