{"id":129868,"date":"2026-01-08T17:46:16","date_gmt":"2026-01-08T17:46:16","guid":{"rendered":"https:\/\/www.europesays.com\/se\/129868\/"},"modified":"2026-01-08T17:46:16","modified_gmt":"2026-01-08T17:46:16","slug":"over-en-miljon-utan-vatten-och-varme-i-ukraina-2","status":"publish","type":"post","link":"https:\/\/www.europesays.com\/se\/129868\/","title":{"rendered":"\u00d6ver en miljon utan vatten och v\u00e4rme i Ukraina"},"content":{"rendered":"<p>\u201dReparationsarbetet forts\u00e4tter i Dnipropetrovskregionen f\u00f6r att \u00e5terst\u00e4lla v\u00e4rme- och vattenf\u00f6rs\u00f6rjningen f\u00f6r \u00f6ver en miljon abonnenter\u201d, skriver Oleksij Kuleba, minister med ansvar f\u00f6r Ukrainas \u00e5teruppbyggnad, i sociala medier.<\/p>\n<p>\u00c4ven regionen Zaporizjzja har drabbats av omfattande str\u00f6mavbrott, meddelar statliga Ukrenergo som ansvarar f\u00f6r landets stamn\u00e4t.<\/p>\n","protected":false},"excerpt":{"rendered":"\u201dReparationsarbetet forts\u00e4tter i Dnipropetrovskregionen f\u00f6r att \u00e5terst\u00e4lla v\u00e4rme- och vattenf\u00f6rs\u00f6rjningen f\u00f6r \u00f6ver en miljon abonnenter\u201d, skriver Oleksij Kuleba,&hellip;\n","protected":false},"author":2,"featured_media":129869,"comment_status":"","ping_status":"","sticky":false,"template":"","format":"standard","meta":{"footnotes":""},"categories":[14],"tags":[22,23,26,27,17,21,24,25,28,29,15,16,18,34,31,33,32,30,19,20,51,52,53,54],"class_list":{"0":"post-129868","1":"post","2":"type-post","3":"status-publish","4":"format-standard","5":"has-post-thumbnail","7":"category-varlden","8":"tag-breaking-news","9":"tag-breakingnews","10":"tag-featured-news","11":"tag-featurednews","12":"tag-headlines","13":"tag-huvudnyheter","14":"tag-latest-news","15":"tag-latestnews","16":"tag-main-news","17":"tag-mainnews","18":"tag-news","19":"tag-nyheter","20":"tag-rubriker","21":"tag-se","22":"tag-svenska","23":"tag-sverige","24":"tag-sweden","25":"tag-swedish","26":"tag-top-stories","27":"tag-topstories","28":"tag-varlden","29":"tag-world","30":"tag-world-news","31":"tag-worldnews"},"share_on_mastodon":{"url":"https:\/\/pubeurope.com\/@se\/115860732786960607","error":""},"_links":{"self":[{"href":"https:\/\/www.europesays.com\/se\/wp-json\/wp\/v2\/posts\/129868","targetHints":{"allow":["GET"]}}],"collection":[{"href":"https:\/\/www.europesays.com\/se\/wp-json\/wp\/v2\/posts"}],"about":[{"href":"https:\/\/www.europesays.com\/se\/wp-json\/wp\/v2\/types\/post"}],"author":[{"embeddable":true,"href":"https:\/\/www.europesays.com\/se\/wp-json\/wp\/v2\/users\/2"}],"replies":[{"embeddable":true,"href":"https:\/\/www.europesays.com\/se\/wp-json\/wp\/v2\/comments?post=129868"}],"version-history":[{"count":0,"href":"https:\/\/www.europesays.com\/se\/wp-json\/wp\/v2\/posts\/129868\/revisions"}],"wp:featuredmedia":[{"embeddable":true,"href":"https:\/\/www.europesays.com\/se\/wp-json\/wp\/v2\/media\/129869"}],"wp:attachment":[{"href":"https:\/\/www.europesays.com\/se\/wp-json\/wp\/v2\/media?parent=129868"}],"wp:term":[{"taxonomy":"category","embeddable":true,"href":"https:\/\/www.europesays.com\/se\/wp-json\/wp\/v2\/categories?post=129868"},{"taxonomy":"post_tag","embeddable":true,"href":"https:\/\/www.europesays.com\/se\/wp-json\/wp\/v2\/tags?post=129868"}],"curies":[{"name":"wp","href":"https:\/\/api.w.org\/{rel}","templated":true}]}}