{"id":129870,"date":"2026-01-08T17:48:11","date_gmt":"2026-01-08T17:48:11","guid":{"rendered":"https:\/\/www.europesays.com\/se\/129870\/"},"modified":"2026-01-08T17:48:11","modified_gmt":"2026-01-08T17:48:11","slug":"kristersson-efter-trumps-ord-om-gronland","status":"publish","type":"post","link":"https:\/\/www.europesays.com\/se\/129870\/","title":{"rendered":"Kristersson efter Trumps ord om Gr\u00f6nland"},"content":{"rendered":"<p>Publicerad 8 jan 2026 kl 14.38Uppdaterad kl 17.15<\/p>\n<p>Trumps uttalanden om Gr\u00f6nland \u00e4r allvarliga och m\u00e5ste upph\u00f6ra.<\/p>\n<p>Det s\u00e4ger statsminister Ulf Kristersson (M) som st\u00e5r i daglig kontakt med sin danska motsvarighet Mette Fredriksen.<\/p>\n<p>Han sl\u00e5r tillbaka mot kritiken om att inte g\u00f6ra tillr\u00e4ckligt.<\/p>\n<p>\u2013 Det \u00e4r ju rent nonsens, s\u00e4ger han.<\/p>\n<p><img loading=\"lazy\"   alt=\"\"\/><\/p>\n<p>Statsminister Ulf Kristersson (M).<\/p>\n<p>Foto: SVEN LINDWALL<\/p>\n<p>\u00d6ppna bild i helsk\u00e4rm<img loading=\"lazy\"   alt=\"\"\/><\/p>\n<p>USA:s president Donald Trump vill ha Gr\u00f6nland.<\/p>\n<p>Foto: EVAN VUCCI \/ AP TT NYHETSBYR\u00c5N<\/p>\n<p>\u00d6ppna bild i helsk\u00e4rm<\/p>\n<p>Trumps uttalanden om att USA \u201dbeh\u00f6ver\u201d Gr\u00f6nland, och den amerikanska oviljan att utesluta ett v\u00e4pnat angrepp, har v\u00e4ckt stor oro i Europa.<\/p>\n<p>Statsminister <a href=\"https:\/\/www.expressen.se\/tagg\/person\/ulf-kristersson\/\" class=\"\" rel=\"nofollow noopener\" target=\"_blank\">Ulf Kristersson<\/a> v\u00e4lkomnar att Danmark och USA nu ser ut att ha kommit \u00f6verens om ett m\u00f6te.<\/p>\n<p>\u2013 Vi st\u00e5r helt bakom Danmark och Gr\u00f6nland och har sagt det m\u00e5nga g\u00e5nger i olika sammanhang. Det \u00e4r ocks\u00e5 bra att de nu verkar tr\u00e4ffas och diskutera saken kanske i lite mer lugn och ro.<\/p>\n<p><strong>Mette Frederiksen sa att om USA tar Gr\u00f6nland s\u00e5 kollapsar Nato. H\u00e5ller du med henne?<\/strong><\/p>\n<p>\u2013 Jag t\u00e4nker inte dra n\u00e5gra f\u00f6rhastade slutsatser nu. Jag tycker det \u00e4r illa nog att man uttrycker sig p\u00e5 det s\u00e4ttet som USA nu uttrycker sig om Danmark och Gr\u00f6nland.<\/p>\n<p>Detta har h\u00e4nt<\/p>\n<p> Efter operationen i Venezuela, d\u00e4r USA gick in och grep landets president Nicolas Maduro, har Donald Trump skruvat upp retoriken mot Gr\u00f6nland.<\/p>\n<p> Han har upprepat att USA \u201dbeh\u00f6ver\u201d den strategiskt placerade \u00f6n av s\u00e4kerhetssk\u00e4l, och Vita huset utesluter inte ett milit\u00e4rt ingripande.<\/p>\n<p> \u00c4ven om andra f\u00f6retr\u00e4dare tonat ner utspelen har uttalandena f\u00e5tt alla varningslampor att lysa r\u00f6tt i Danmark och p\u00e5 andra h\u00e5ll i Europa.<\/p>\n<p> Danska statsministern Mette Frederiksen har slagit fast att det \u00e4r upp till inv\u00e5narna att besluta om Gr\u00f6nlands framtid, ingen annan.<\/p>\n<p> Hon varnar ocks\u00e5 i skarpa ordalag f\u00f6r att en amerikansk attack skulle inneb\u00e4ra slutet f\u00f6r Nato, d\u00e4r b\u00e5de Danmark och USA varit med sedan f\u00f6rsvarsalliansen grundades.<\/p>\n<p> Danmark har f\u00e5tt st\u00f6d fr\u00e5n en rad europeiska ledare, som ocks\u00e5 understryker att USA inte kan besluta om Gr\u00f6nlands framtid.<\/p>\n<p>Visa mer\u201dB\u00f6r upph\u00f6ra\u201d<\/p>\n<p>\u00c4n s\u00e5 l\u00e4nge handlar det om uttalanden som v\u00e4cker frustration och oro, menar statsministern.<\/p>\n<p>\u2013 Sen tycker vi att de uttalandena i sig \u00e4r allvarliga nog f\u00f6r att reagera p\u00e5. D\u00e4rf\u00f6r har jag och flera av mina kolleger varit r\u00e4tt skarpa och tydliga i v\u00e5r uppfattning. S\u00e5 uttrycker man sig inte om kolleger och allierade, forts\u00e4tter Kristersson.<\/p>\n<p>Han har f\u00f6rst\u00e5else f\u00f6r den danska och gr\u00f6nl\u00e4ndska frustrationen \u2013 och riktar ett krav mot den amerikanska administrationen.<\/p>\n<p>\u2013 Det \u00e4r allvarliga utfall och de b\u00f6r upph\u00f6ra, s\u00e4ger han.<\/p>\n<p>Svaret p\u00e5 kritiken: Nonsens<\/p>\n<p><a href=\"https:\/\/www.expressen.se\/nyheter\/politik\/anderssons-krav-pa-kristersson-om-gronland\" rel=\"nofollow noopener\" target=\"_blank\">Magdalena Andersson har kr\u00e4vt att<\/a> statsminister Ulf Kristersson ska samla alla partiledare f\u00f6r samtal med anledning av den allvarliga utvecklingen.<\/p>\n<p>Kristersson tar l\u00e4tt p\u00e5 kritiken att han inte skulle ha gjort tillr\u00e4ckligt f\u00f6r att st\u00f6tta Gr\u00f6nland.<\/p>\n<p>\u2013 De gn\u00e4ller \u00f6ver det mesta s\u00e5 jag \u00e4r r\u00e4tt van vid det. Men det \u00e4r ju rent nonsens. Jag har n\u00e4rmast daglig kontakt med Mette Frederiksen, s\u00e5 det \u00e4r helt felaktigt, s\u00e4ger han.<\/p>\n<p><strong>K\u00e4nner du att Sverige har gjort det Sverige kan g\u00f6ra s\u00e5 h\u00e4r l\u00e5ngt?<\/strong><\/p>\n<p>\u2013 Vi g\u00f6r precis det som Danmark ber oss att g\u00f6ra. Jag \u00e4r mycket noga med att Danmark m\u00e5ste ha ledningen i detta. De \u00e4r inte betj\u00e4nta av att olika l\u00e4nder b\u00f6rjar frispela i de h\u00e4r fr\u00e5gorna, utan det h\u00e4r \u00e4r ytterst en fr\u00e5ga f\u00f6r danska och gr\u00f6nl\u00e4ndska beslut.<\/p>\n<p><img alt=\"\"\/>Ljudklippet gick inte att spela upp<\/p>\n<p>F\u00f6rs\u00f6k igen senare<\/p>\n","protected":false},"excerpt":{"rendered":"Publicerad 8 jan 2026 kl 14.38Uppdaterad kl 17.15 Trumps uttalanden om Gr\u00f6nland \u00e4r allvarliga och m\u00e5ste upph\u00f6ra. Det&hellip;\n","protected":false},"author":2,"featured_media":129871,"comment_status":"","ping_status":"","sticky":false,"template":"","format":"standard","meta":{"footnotes":""},"categories":[5],"tags":[22,23,26,27,17,21,24,25,3123,2034,28,29,15,16,198,530,18,34,583,31,33,32,30,19,781,20],"class_list":{"0":"post-129870","1":"post","2":"type-post","3":"status-publish","4":"format-standard","5":"has-post-thumbnail","7":"category-rubriker","8":"tag-breaking-news","9":"tag-breakingnews","10":"tag-featured-news","11":"tag-featurednews","12":"tag-headlines","13":"tag-huvudnyheter","14":"tag-latest-news","15":"tag-latestnews","16":"tag-location-danmark","17":"tag-location-gronland","18":"tag-main-news","19":"tag-mainnews","20":"tag-news","21":"tag-nyheter","22":"tag-person-donald-trump","23":"tag-person-ulf-kristersson","24":"tag-rubriker","25":"tag-se","26":"tag-sections-politik","27":"tag-svenska","28":"tag-sverige","29":"tag-sweden","30":"tag-swedish","31":"tag-top-stories","32":"tag-topic-utrikespolitik","33":"tag-topstories"},"share_on_mastodon":{"url":"https:\/\/pubeurope.com\/@se\/115860740819907497","error":""},"_links":{"self":[{"href":"https:\/\/www.europesays.com\/se\/wp-json\/wp\/v2\/posts\/129870","targetHints":{"allow":["GET"]}}],"collection":[{"href":"https:\/\/www.europesays.com\/se\/wp-json\/wp\/v2\/posts"}],"about":[{"href":"https:\/\/www.europesays.com\/se\/wp-json\/wp\/v2\/types\/post"}],"author":[{"embeddable":true,"href":"https:\/\/www.europesays.com\/se\/wp-json\/wp\/v2\/users\/2"}],"replies":[{"embeddable":true,"href":"https:\/\/www.europesays.com\/se\/wp-json\/wp\/v2\/comments?post=129870"}],"version-history":[{"count":0,"href":"https:\/\/www.europesays.com\/se\/wp-json\/wp\/v2\/posts\/129870\/revisions"}],"wp:featuredmedia":[{"embeddable":true,"href":"https:\/\/www.europesays.com\/se\/wp-json\/wp\/v2\/media\/129871"}],"wp:attachment":[{"href":"https:\/\/www.europesays.com\/se\/wp-json\/wp\/v2\/media?parent=129870"}],"wp:term":[{"taxonomy":"category","embeddable":true,"href":"https:\/\/www.europesays.com\/se\/wp-json\/wp\/v2\/categories?post=129870"},{"taxonomy":"post_tag","embeddable":true,"href":"https:\/\/www.europesays.com\/se\/wp-json\/wp\/v2\/tags?post=129870"}],"curies":[{"name":"wp","href":"https:\/\/api.w.org\/{rel}","templated":true}]}}